{"id":81629,"date":"2018-02-11T00:01:09","date_gmt":"2018-02-10T23:01:09","guid":{"rendered":"http:\/\/www.editiondaslabor.de\/blog\/?p=81629"},"modified":"2021-04-02T17:28:45","modified_gmt":"2021-04-02T15:28:45","slug":"mein-tanzlied","status":"publish","type":"post","link":"http:\/\/www.editiondaslabor.de\/blog\/2018\/02\/11\/mein-tanzlied\/","title":{"rendered":"Mein Tanzlied"},"content":{"rendered":"<p style=\"text-align: right\"><small>(Dem sch\u00f6nen Schauspieler Erich Kaiser-Titz)<\/small><\/p>\n<p>&nbsp;<\/p>\n<p>Aus mir braust finstre Tanzmusik,<\/p>\n<p>Meine Seele kracht in tausend St\u00fccken.<\/p>\n<p>Der Teufel holt sich mein Mi\u00dfgeschick,<\/p>\n<p>Um es ans brandige Herz zu dr\u00fccken.<\/p>\n<p>Die Rosen fliegen mir aus dem Haar<\/p>\n<p>Und mein Leben saust nach allen Seiten,<\/p>\n<p>So tanz ich schon seit tausend Jahr,<\/p>\n<p>Seit meiner ersten Ewigkeiten.<\/p>\n<p>&nbsp;<\/p>\n<p>&nbsp;<\/p>\n<p>&nbsp;<\/p>\n<p style=\"text-align: center\">***<\/p>\n<div id=\"attachment_75724\" style=\"width: 197px\" class=\"wp-caption alignright\"><a href=\"http:\/\/www.editiondaslabor.de\/blog\/wp-content\/uploads\/2009\/03\/Else_Lasker-Schueler.jpg\"><img loading=\"lazy\" decoding=\"async\" aria-describedby=\"caption-attachment-75724\" class=\"size-medium wp-image-75724\" src=\"http:\/\/www.editiondaslabor.de\/blog\/wp-content\/uploads\/2009\/03\/Else_Lasker-Schueler-187x300.jpg\" alt=\"\" width=\"187\" height=\"300\" srcset=\"http:\/\/www.editiondaslabor.de\/blog\/wp-content\/uploads\/2009\/03\/Else_Lasker-Schueler-187x300.jpg 187w, http:\/\/www.editiondaslabor.de\/blog\/wp-content\/uploads\/2009\/03\/Else_Lasker-Schueler-260x417.jpg 260w, http:\/\/www.editiondaslabor.de\/blog\/wp-content\/uploads\/2009\/03\/Else_Lasker-Schueler-160x256.jpg 160w, http:\/\/www.editiondaslabor.de\/blog\/wp-content\/uploads\/2009\/03\/Else_Lasker-Schueler.jpg 440w\" sizes=\"auto, (max-width: 187px) 100vw, 187px\" \/><\/a><p id=\"caption-attachment-75724\" class=\"wp-caption-text\">Else Lasker-Sch\u00fcler aka Prinz Yussuf (1912)<\/p><\/div>\n<div class=\"mod\" lang=\"de-DE\" data-md=\"61\">\n<div class=\"LGOjhe\" style=\"text-align: justify\" role=\"heading\" data-attrid=\"wa:\/description\" data-hveid=\"CA0QAA\"><span class=\"ILfuVd\"><span class=\"hgKElc\">\u201eDie gr\u00f6\u00dfte Lyrikerin, die Deutschland je hatte\u201c, sagte Gottfried Benn \u00fcber Else Lasker-Sch\u00fcler. Sie bewegte sich wie eine M\u00e4rchenfigur durch Berlin und fiel mit ihrer exzentrischen Erscheinung auf. <\/span><\/span><\/div>\n<div class=\"LGOjhe\" style=\"text-align: justify\" role=\"heading\" data-attrid=\"wa:\/description\" data-hveid=\"CA0QAA\">Else Lasker-Sch\u00fcler wurde geboren am 11. Februar 1869 in Elberfeld. Sie starb am\u00a022.1.1945 in Jerusalem.<\/div>\n<\/div>\n<p style=\"text-align: justify\"><strong>Weiterf\u00fchrend\u00a0<\/strong><strong>\u2192\u00a0<\/strong><\/p>\n<p style=\"text-align: justify\">KUNO w\u00fcrdigte die Poetin mit einem <a href=\"http:\/\/www.editiondaslabor.de\/blog\/?p=80975\">Rezensionsessay<\/a>.\u00a0Poesie z\u00e4hlt f\u00fcr die <em>Kulturnotizen<\/em> weiterhin zu den wichtigsten identit\u00e4ts- und identifikationstiftenden Elementen einer Kultur, dies bezeugte auch der Versuch einer <a href=\"http:\/\/www.editiondaslabor.de\/blog\/?p=25630\">poetologischen Positionsbestimmung<\/a>.<\/p>\n","protected":false},"excerpt":{"rendered":"<p>(Dem sch\u00f6nen Schauspieler Erich Kaiser-Titz) &nbsp; Aus mir braust finstre Tanzmusik, Meine Seele kracht in tausend St\u00fccken. Der Teufel holt sich mein Mi\u00dfgeschick, Um es ans brandige Herz zu dr\u00fccken. Die Rosen fliegen mir aus dem Haar Und mein Leben&hellip;<\/p>\n<p class=\"more-link-p\"><a class=\"more-link\" href=\"http:\/\/www.editiondaslabor.de\/blog\/2018\/02\/11\/mein-tanzlied\/\">Read more &rarr;<\/a><\/p>\n","protected":false},"author":180,"featured_media":75724,"comment_status":"closed","ping_status":"closed","sticky":false,"template":"","format":"standard","meta":{"footnotes":""},"categories":[1],"tags":[2738],"class_list":["post-81629","post","type-post","status-publish","format-standard","has-post-thumbnail","hentry","category-literatur","tag-else-lasker-schueler"],"_links":{"self":[{"href":"http:\/\/www.editiondaslabor.de\/blog\/wp-json\/wp\/v2\/posts\/81629","targetHints":{"allow":["GET"]}}],"collection":[{"href":"http:\/\/www.editiondaslabor.de\/blog\/wp-json\/wp\/v2\/posts"}],"about":[{"href":"http:\/\/www.editiondaslabor.de\/blog\/wp-json\/wp\/v2\/types\/post"}],"author":[{"embeddable":true,"href":"http:\/\/www.editiondaslabor.de\/blog\/wp-json\/wp\/v2\/users\/180"}],"replies":[{"embeddable":true,"href":"http:\/\/www.editiondaslabor.de\/blog\/wp-json\/wp\/v2\/comments?post=81629"}],"version-history":[{"count":0,"href":"http:\/\/www.editiondaslabor.de\/blog\/wp-json\/wp\/v2\/posts\/81629\/revisions"}],"wp:featuredmedia":[{"embeddable":true,"href":"http:\/\/www.editiondaslabor.de\/blog\/wp-json\/"}],"wp:attachment":[{"href":"http:\/\/www.editiondaslabor.de\/blog\/wp-json\/wp\/v2\/media?parent=81629"}],"wp:term":[{"taxonomy":"category","embeddable":true,"href":"http:\/\/www.editiondaslabor.de\/blog\/wp-json\/wp\/v2\/categories?post=81629"},{"taxonomy":"post_tag","embeddable":true,"href":"http:\/\/www.editiondaslabor.de\/blog\/wp-json\/wp\/v2\/tags?post=81629"}],"curies":[{"name":"wp","href":"https:\/\/api.w.org\/{rel}","templated":true}]}}