{"id":81553,"date":"2022-10-13T00:01:57","date_gmt":"2022-10-12T22:01:57","guid":{"rendered":"http:\/\/www.editiondaslabor.de\/blog\/?p=81553"},"modified":"2022-02-24T17:05:28","modified_gmt":"2022-02-24T16:05:28","slug":"eine-begebenheit-aus-dem-leben-abigail-des-liebenden","status":"publish","type":"post","link":"http:\/\/www.editiondaslabor.de\/blog\/2022\/10\/13\/eine-begebenheit-aus-dem-leben-abigail-des-liebenden\/","title":{"rendered":"Eine Begebenheit aus dem Leben Abigail des Liebenden"},"content":{"rendered":"<p class=\"tre01\" style=\"text-align: right;\">Eine Geschichte der Maria von Nazareth<\/p>\n<p class=\"tre01\" style=\"text-align: right;\">Dem Venuskind<\/p>\n<p class=\"tre01\" style=\"text-align: right;\">als Kete Parsenow f\u00fcnf Jahre alt war<\/p>\n<p class=\"norm\" style=\"text-align: justify;\">Als Abigail der Dritte noch ein Zebaothknabe war und viel, viel Sehnsucht hatte, ritt er auf seinem wei\u00dfen Kamel in Begleitung seines Spielgef\u00e4hrten Salomein durch die Orte von Pal\u00e4stina und kam nach Nazareth. Dort sa\u00dfen die Kinder der Reichen und Armen zusammen, alle auf den rissigen Steinstufen der Spieltreppe der Stadt und sangen ein wunders\u00fc\u00dfes Liedchen auf altnazarenisch-hebr\u00e4isch. Und Jussuf setzte das kleinste der Kinder auf sein gro\u00df Tier und Salomein mu\u00dfte das Verschen auf einen Schiefer schreiben von den lallenden Lippen des Kindes. So klang es:<\/p>\n<p>&nbsp;<\/p>\n<div class=\"gedi\" style=\"text-align: justify;\">\n<div>\n<p class=\"vers01\">Abba ta Marjam:\u00a0Tr\u00e4ume, s\u00e4ume, Marienm\u00e4dchen \u2013<\/p>\n<p class=\"vers01\">Abba min Salih\u00ef:\u00a0\u00dcberall l\u00f6scht der Rosenwind \/\u00a0Die schwarzen Sterne aus.<\/p>\n<p class=\"vers01\">Gad m\u00e2ra aleij\u00e2<\/p>\n<p class=\"vers01\">Ass\u00e2ma anadir \u2013 Wiege im Arme dein Seelchen.<\/p>\n<p class=\"vers01\">Binassre wa wa.<\/p>\n<p class=\"vers01\">Lala, Marjam: Alle Kinder kommen auf L\u00e4mmern<\/p>\n<p class=\"vers01\">Sch\u00fb gabinah\u00fb,\u00a0Zottehotte geritten<\/p>\n<p class=\"vers01\">Mel\u00eachim had\u00fb-ja. Gottlingchen sehen \u2013<\/p>\n<p class=\"vers01\">Lah\u00fb Marjam:\u00a0Und die <span class=\"s_ku\">vielen<\/span> Schimmerblumen<\/p>\n<p class=\"vers01\">alkahane fi sijab.\u00a0An den Hecken \u2013 \/\u00a0Und den gro\u00dfen Himmel da \/\u00a0Im kurzen Blaukleide!<\/p>\n<\/div>\n<\/div>\n<p>&nbsp;<\/p>\n<p>&nbsp;<\/p>\n<p style=\"text-align: center;\">***<\/p>\n<p class=\"uber01\" style=\"text-align: justify;\"><strong>Der Prinz von Theben<\/strong>, ein Geschichtenbuch von\u00a0Else Lasker-Sch\u00fcler.\u00a0Paul Cassirer, Berlin\u00a01920<\/p>\n<div class=\"mod\" lang=\"de-DE\" style=\"text-align: justify;\" data-md=\"61\">\n<div class=\"LGOjhe\" style=\"text-align: justify;\" role=\"heading\" data-attrid=\"wa:\/description\" data-hveid=\"CA0QAA\"><span class=\"ILfuVd\"><span class=\"hgKElc\"><img loading=\"lazy\" decoding=\"async\" class=\"size-medium wp-image-81508 alignleft\" src=\"http:\/\/www.editiondaslabor.de\/blog\/wp-content\/uploads\/2021\/04\/Prinz_ElseLaskerSchueler-211x300.jpg\" alt=\"\" width=\"211\" height=\"300\" srcset=\"http:\/\/www.editiondaslabor.de\/blog\/wp-content\/uploads\/2021\/04\/Prinz_ElseLaskerSchueler-211x300.jpg 211w, http:\/\/www.editiondaslabor.de\/blog\/wp-content\/uploads\/2021\/04\/Prinz_ElseLaskerSchueler-260x369.jpg 260w, http:\/\/www.editiondaslabor.de\/blog\/wp-content\/uploads\/2021\/04\/Prinz_ElseLaskerSchueler-160x227.jpg 160w, http:\/\/www.editiondaslabor.de\/blog\/wp-content\/uploads\/2021\/04\/Prinz_ElseLaskerSchueler.jpg 400w\" sizes=\"auto, (max-width: 211px) 100vw, 211px\" \/>A<\/span><\/span><span style=\"letter-spacing: 0.05em;\">b 1910 wendet sich Else Lasker-Sch\u00fcler allm\u00e4hlich von der weiblichen Erz\u00e4hlposition ab und l\u00e4sst Jussuf \u2013 der in etwa als biblischer Joseph genommen werden kann \u2013 zu Wort kommen.Im vorliegenden ziemlich archaischen\u00a0Geschichtenbuch tritt Jussuf, der titelgebende Prinz von Theben, allerdings nur in der Geschichte <\/span><i style=\"letter-spacing: 0.05em;\">Abigail der Dritte<\/i><span style=\"letter-spacing: 0.05em;\"> auf und stirbt am Ende dieser \u00fcberschaubaren Episode. Folgerichtig ist in den nachstehenden letzten drei Geschichten des Buches h\u00f6chstens von dem toten Prinzen die Rede.<\/span><\/div>\n<div role=\"heading\" data-attrid=\"wa:\/description\" data-hveid=\"CA0QAA\">\n<p>Die erste Geschichte \u2013 <i>Der Scheik<\/i> \u2013 und die letzte \u2013 <i>Der Kreuzfahrer<\/i> \u2013 sprechen unter anderen jeweils die S\u00fchne\u00a0zwischen den Religionen an und machen somit das restliche, zumeist schaurig-schreckliche Geschehen ein klein wenig ertr\u00e4glicher.<\/p>\n<\/div>\n<div class=\"LGOjhe\" style=\"text-align: justify;\" role=\"heading\" data-attrid=\"wa:\/description\" data-hveid=\"CA0QAA\"><span class=\"ILfuVd\"><span class=\"hgKElc\">\u201eDie gr\u00f6\u00dfte Lyrikerin, die Deutschland je hatte\u201c, sagte Gottfried Benn \u00fcber Else Lasker-Sch\u00fcler. Sie bewegte sich wie eine M\u00e4rchenfigur durch Berlin und fiel mit ihrer exzentrischen Erscheinung auf. <\/span><\/span><\/div>\n<div class=\"LGOjhe\" style=\"text-align: justify;\" role=\"heading\" data-attrid=\"wa:\/description\" data-hveid=\"CA0QAA\">Else Lasker-Sch\u00fcler, geboren am 11. Februar 1869 in Elberfeld.<\/div>\n<div role=\"heading\" data-attrid=\"wa:\/description\" data-hveid=\"CA0QAA\"><strong>Weiterf\u00fchrend <\/strong><strong>\u2192\u00a0<\/strong><\/div>\n<\/div>\n<p style=\"text-align: justify;\">Poesie z\u00e4hlt f\u00fcr KUNO weiterhin zu den wichtigsten identit\u00e4ts- und identifikationstiftenden Elementen einer Kultur, dies bezeugte auch der Versuch einer <a href=\"http:\/\/www.editiondaslabor.de\/blog\/?p=25630\">poetologischen Positionsbestimmung<\/a>.<\/p>\n","protected":false},"excerpt":{"rendered":"<p>Eine Geschichte der Maria von Nazareth Dem Venuskind als Kete Parsenow f\u00fcnf Jahre alt war Als Abigail der Dritte noch ein Zebaothknabe war und viel, viel Sehnsucht hatte, ritt er auf seinem wei\u00dfen Kamel in Begleitung seines Spielgef\u00e4hrten Salomein durch&hellip;<\/p>\n<p class=\"more-link-p\"><a class=\"more-link\" href=\"http:\/\/www.editiondaslabor.de\/blog\/2022\/10\/13\/eine-begebenheit-aus-dem-leben-abigail-des-liebenden\/\">Read more &rarr;<\/a><\/p>\n","protected":false},"author":180,"featured_media":98103,"comment_status":"closed","ping_status":"closed","sticky":false,"template":"","format":"standard","meta":{"footnotes":""},"categories":[1],"tags":[2738],"class_list":["post-81553","post","type-post","status-publish","format-standard","has-post-thumbnail","hentry","category-literatur","tag-else-lasker-schueler"],"_links":{"self":[{"href":"http:\/\/www.editiondaslabor.de\/blog\/wp-json\/wp\/v2\/posts\/81553","targetHints":{"allow":["GET"]}}],"collection":[{"href":"http:\/\/www.editiondaslabor.de\/blog\/wp-json\/wp\/v2\/posts"}],"about":[{"href":"http:\/\/www.editiondaslabor.de\/blog\/wp-json\/wp\/v2\/types\/post"}],"author":[{"embeddable":true,"href":"http:\/\/www.editiondaslabor.de\/blog\/wp-json\/wp\/v2\/users\/180"}],"replies":[{"embeddable":true,"href":"http:\/\/www.editiondaslabor.de\/blog\/wp-json\/wp\/v2\/comments?post=81553"}],"version-history":[{"count":1,"href":"http:\/\/www.editiondaslabor.de\/blog\/wp-json\/wp\/v2\/posts\/81553\/revisions"}],"predecessor-version":[{"id":100291,"href":"http:\/\/www.editiondaslabor.de\/blog\/wp-json\/wp\/v2\/posts\/81553\/revisions\/100291"}],"wp:featuredmedia":[{"embeddable":true,"href":"http:\/\/www.editiondaslabor.de\/blog\/wp-json\/wp\/v2\/media\/98103"}],"wp:attachment":[{"href":"http:\/\/www.editiondaslabor.de\/blog\/wp-json\/wp\/v2\/media?parent=81553"}],"wp:term":[{"taxonomy":"category","embeddable":true,"href":"http:\/\/www.editiondaslabor.de\/blog\/wp-json\/wp\/v2\/categories?post=81553"},{"taxonomy":"post_tag","embeddable":true,"href":"http:\/\/www.editiondaslabor.de\/blog\/wp-json\/wp\/v2\/tags?post=81553"}],"curies":[{"name":"wp","href":"https:\/\/api.w.org\/{rel}","templated":true}]}}