{"id":81330,"date":"2009-04-26T00:01:34","date_gmt":"2009-04-25T22:01:34","guid":{"rendered":"http:\/\/www.editiondaslabor.de\/blog\/?p=81330"},"modified":"2024-05-12T16:31:47","modified_gmt":"2024-05-12T14:31:47","slug":"erweiterte-weltwahrnehmung","status":"publish","type":"post","link":"http:\/\/www.editiondaslabor.de\/blog\/2009\/04\/26\/erweiterte-weltwahrnehmung\/","title":{"rendered":"Erweiterte Weltwahrnehmung"},"content":{"rendered":"<p>&nbsp;<\/p>\n<p style=\"text-align: justify;\">Poesie = Erinnerungsspeicher &amp; Welterzeugungsmaschine um vom kleinstm\u00f6glichen Ausgangspunkt zur gr\u00f6sstm\u00f6glichen Explosion zu gelangen und einen Kurzschluss zwischen Ich und Welt zu verurachen. Das Kreiseln zwischen Wahrheit und Erfindung erzeugt Fliehkr\u00e4fte, die zu einem philosophischen Ausgang f\u00fchren k\u00f6nnten. Ein psychologisch-sprachlicher Vermittlungsakt zwischen den verschiedenen Schichten des Ichs.\u00a0 Sprache macht sich selbst\u00e4ndig, sie triumphiert \u00fcber die Fakten, wenn sie die Zeit in Gedanken fassen kann.<\/p>\n<p>&nbsp;<\/p>\n<p>&nbsp;<\/p>\n<p style=\"text-align: center;\">***<\/p>\n<p style=\"text-align: justify;\"><strong>Mikrogramme<\/strong> von A.J. Weigoni, KUNO 2006 &#8211; 2011<\/p>\n<div id=\"attachment_102377\" style=\"width: 222px\" class=\"wp-caption alignleft\"><img loading=\"lazy\" decoding=\"async\" aria-describedby=\"caption-attachment-102377\" class=\"wp-image-102377 size-full\" src=\"http:\/\/www.editiondaslabor.de\/blog\/wp-content\/uploads\/2022\/03\/AJWeigoni-e1648379021441.jpeg\" alt=\"\" width=\"212\" height=\"300\" \/><p id=\"caption-attachment-102377\" class=\"wp-caption-text\">A.J. Weigoni, portr\u00e4tiert von Anja Roth<\/p><\/div>\n<p style=\"text-align: justify;\">Diese Bruchst\u00fccke aus der Realit\u00e4t sind verwandt mit den Miszellen (von lateinisch miscella \u00b4Gemischtes`), dies ist eine Bezeichnung f\u00fcr eine Rubrik, unter der K\u00fcrzesttexte variierenden literarischen Inhalts ver\u00f6ffentlicht werden. Die <em>Bagatellen<\/em> sind der Versuch, Miniaturen gleichrangig nebeneinander aufzureihen, ein dichtes Gewebe, das seine poetische Qualit\u00e4ten erst durch die Lekt\u00fcre gewinnt.<\/p>\n<p style=\"text-align: justify;\"><a href=\"http:\/\/www.editiondaslabor.de\/blog\/2009\/03\/21\/twitteratur\/\"><em>Twitteratur<\/em><\/a> ist eine Poesie, die man von den japanischen Haiku kennt. Als Beitrag von A.J. Weigoni finden wir auf KUNO im Lauf der Zeit <em>Mikrogramme<\/em>, die ein feines, manchmal auch weitmaschiges Netz von Relais durchzieht: Schnittstellen, an denen zwischen Gegenst\u00e4nden, Wahrnehmungsperspektiven, zwischen R\u00e4umen und Zeiten hin und her gewuselt wird, und gleichzeitig zwischen verschiedenen Distanzen zum Beschriebenen.<\/p>\n<p style=\"text-align: justify;\"><strong>Weiterf\u00fchrend\u00a0\u2192 <\/strong>ein Essay \u00fcber die neue Literaturgattung <a href=\"http:\/\/www.editiondaslabor.de\/blog\/2023\/03\/06\/twitteratur-die-kunst-der-verkuerzung\/\"><em>Twitteratur<\/em><\/a>, sowie ein <a href=\"http:\/\/www.editiondaslabor.de\/blog\/2019\/09\/06\/recap-hungertuchpreis\/\">Recap<\/a> des Hungertuchpreises.<\/p>\n<p>&nbsp;<\/p>\n","protected":false},"excerpt":{"rendered":"<p>&nbsp; Poesie = Erinnerungsspeicher &amp; Welterzeugungsmaschine um vom kleinstm\u00f6glichen Ausgangspunkt zur gr\u00f6sstm\u00f6glichen Explosion zu gelangen und einen Kurzschluss zwischen Ich und Welt zu verurachen. Das Kreiseln zwischen Wahrheit und Erfindung erzeugt Fliehkr\u00e4fte, die zu einem philosophischen Ausgang f\u00fchren k\u00f6nnten. Ein&hellip;<\/p>\n<p class=\"more-link-p\"><a class=\"more-link\" href=\"http:\/\/www.editiondaslabor.de\/blog\/2009\/04\/26\/erweiterte-weltwahrnehmung\/\">Read more &rarr;<\/a><\/p>\n","protected":false},"author":14,"featured_media":102377,"comment_status":"closed","ping_status":"closed","sticky":false,"template":"","format":"standard","meta":{"footnotes":""},"categories":[1],"tags":[628,3789],"class_list":["post-81330","post","type-post","status-publish","format-standard","has-post-thumbnail","hentry","category-literatur","tag-a-j-weigoni","tag-mikrogramme"],"_links":{"self":[{"href":"http:\/\/www.editiondaslabor.de\/blog\/wp-json\/wp\/v2\/posts\/81330","targetHints":{"allow":["GET"]}}],"collection":[{"href":"http:\/\/www.editiondaslabor.de\/blog\/wp-json\/wp\/v2\/posts"}],"about":[{"href":"http:\/\/www.editiondaslabor.de\/blog\/wp-json\/wp\/v2\/types\/post"}],"author":[{"embeddable":true,"href":"http:\/\/www.editiondaslabor.de\/blog\/wp-json\/wp\/v2\/users\/14"}],"replies":[{"embeddable":true,"href":"http:\/\/www.editiondaslabor.de\/blog\/wp-json\/wp\/v2\/comments?post=81330"}],"version-history":[{"count":6,"href":"http:\/\/www.editiondaslabor.de\/blog\/wp-json\/wp\/v2\/posts\/81330\/revisions"}],"predecessor-version":[{"id":105631,"href":"http:\/\/www.editiondaslabor.de\/blog\/wp-json\/wp\/v2\/posts\/81330\/revisions\/105631"}],"wp:featuredmedia":[{"embeddable":true,"href":"http:\/\/www.editiondaslabor.de\/blog\/wp-json\/wp\/v2\/media\/102377"}],"wp:attachment":[{"href":"http:\/\/www.editiondaslabor.de\/blog\/wp-json\/wp\/v2\/media?parent=81330"}],"wp:term":[{"taxonomy":"category","embeddable":true,"href":"http:\/\/www.editiondaslabor.de\/blog\/wp-json\/wp\/v2\/categories?post=81330"},{"taxonomy":"post_tag","embeddable":true,"href":"http:\/\/www.editiondaslabor.de\/blog\/wp-json\/wp\/v2\/tags?post=81330"}],"curies":[{"name":"wp","href":"https:\/\/api.w.org\/{rel}","templated":true}]}}