{"id":81294,"date":"2008-01-04T00:01:48","date_gmt":"2008-01-03T23:01:48","guid":{"rendered":"http:\/\/www.editiondaslabor.de\/blog\/?p=81294"},"modified":"2022-02-17T15:56:04","modified_gmt":"2022-02-17T14:56:04","slug":"keine-zeit-fuer-trips","status":"publish","type":"post","link":"http:\/\/www.editiondaslabor.de\/blog\/2008\/01\/04\/keine-zeit-fuer-trips\/","title":{"rendered":"Keine Zeit f\u00fcr Trips"},"content":{"rendered":"<p>&nbsp;<\/p>\n<p>&nbsp;<\/p>\n<p style=\"text-align: justify;\">Dieses Leben im Osten unserer Erde mit seiner Weisheit, dieser hektische Westen mit seinem aufgerissenen, rausch-verzogenen Mund, wie sich diese Hemisph\u00e4ren miteinander verbinden, wie sie einander durchdringen, um sich zu einem messianischen Zeitalter zu vereinigen.<\/p>\n<p>&nbsp;<\/p>\n<p>&nbsp;<\/p>\n<p style=\"text-align: center;\">***<\/p>\n<div id=\"attachment_65815\" style=\"width: 288px\" class=\"wp-caption alignleft\"><a href=\"http:\/\/www.editiondaslabor.de\/blog\/wp-content\/uploads\/2020\/06\/Hadayatullah.jpg\"><img loading=\"lazy\" decoding=\"async\" aria-describedby=\"caption-attachment-65815\" class=\"wp-image-65815 size-medium\" src=\"http:\/\/www.editiondaslabor.de\/blog\/wp-content\/uploads\/2020\/06\/Hadayatullah-278x300.jpg\" alt=\"\" width=\"278\" height=\"300\" srcset=\"http:\/\/www.editiondaslabor.de\/blog\/wp-content\/uploads\/2020\/06\/Hadayatullah-278x300.jpg 278w, http:\/\/www.editiondaslabor.de\/blog\/wp-content\/uploads\/2020\/06\/Hadayatullah-949x1024.jpg 949w, http:\/\/www.editiondaslabor.de\/blog\/wp-content\/uploads\/2020\/06\/Hadayatullah-768x829.jpg 768w, http:\/\/www.editiondaslabor.de\/blog\/wp-content\/uploads\/2020\/06\/Hadayatullah-560x604.jpg 560w, http:\/\/www.editiondaslabor.de\/blog\/wp-content\/uploads\/2020\/06\/Hadayatullah-260x281.jpg 260w, http:\/\/www.editiondaslabor.de\/blog\/wp-content\/uploads\/2020\/06\/Hadayatullah-160x173.jpg 160w, http:\/\/www.editiondaslabor.de\/blog\/wp-content\/uploads\/2020\/06\/Hadayatullah.jpg 1112w\" sizes=\"auto, (max-width: 278px) 100vw, 278px\" \/><\/a><p id=\"caption-attachment-65815\" class=\"wp-caption-text\">Der Urvater des Social-Beat. Hadayatullah H\u00fcbsch. Photo: Masroor-ahmad<\/p><\/div>\n<p style=\"text-align: justify;\">H\u00fcbschs literarische Laufbahn begann mit einer Ver\u00f6ffentlichung in der von Peter R\u00fchmkorf herausgegebenen, viel beachteten Sammlung <i>Primanerlyrik \u2013 Primanerprosa<\/i>.<sup id=\"cite_ref-18\" class=\"reference\"><\/sup> 1969 ver\u00f6ffentlichte H\u00fcbsch seinen ersten Gedichtband <i>Mach was du willst<\/i> bei Luchterhand. Der ebenfalls bei Luchterhand ver\u00f6ffentlichte sp\u00e4tere Literaturnobelpreistr\u00e4ger G\u00fcnter Grass prophezeite H\u00fcbsch daraufhin eine gro\u00dfe Karriere als Lyriker;<sup id=\"cite_ref-19\" class=\"reference\"><\/sup> H\u00fcbsch bevorzugte es jedoch, Undergroundpoet jenseits der \u201eHauptstra\u00dfen\u201c zu bleiben.<sup id=\"cite_ref-20\" class=\"reference\"><\/sup><\/p>\n<p style=\"text-align: justify;\">H\u00fcbschs Lyrik war inspiriert von experimenteller Literatur, dem Dadaismus und expressionistischer Lyrik. Sp\u00e4ter haben ihn die Beatliteraten gepr\u00e4gt, vor allem Allen Ginsberg, William S. Burroughs und Jack Kerouac. Nach seiner Konversion zum Islam war seine Lyrik zus\u00e4tzlich von der mystischen Poesie Persiens, von Hafis, Rumi und Sadi beeinflusst.<\/p>\n<p style=\"text-align: justify;\">H\u00fcbsch war ein \u201eSpoken-Word-Dichter\u201c, der die literarische Str\u00f6mung des deutschen Poetry Slam mitbegr\u00fcndete und Namensvater des ersten Social-Beat Festivals in Berlin war.<sup id=\"cite_ref-21\" class=\"reference\"><\/sup> Er gilt als \u201eUrgestein\u201c<sup id=\"cite_ref-22\" class=\"reference\"><\/sup> und \u201eLegende\u201c<sup id=\"cite_ref-23\" class=\"reference\"><\/sup> der Social-Beat-Szene und der \u201eLyrik Performance\u201c. Er war deutschlandweit unterwegs auf Lesetouren und f\u00f6rderte junge Nachwuchsliteraten. 1996 wurde er zum \u201eDeutschen Literatur-Meister\u201c beim internationalen Poetry Slam gew\u00e4hlt.<\/p>\n<p style=\"text-align: justify;\"><strong>Weiterf\u00fchrend zur Theorie des Sozialen \u2192<\/strong><\/p>\n<p style=\"text-align: justify;\">Eine Theorie des Sozialen lautet, es gebe in der Politik keine L\u00fccken. Immer wo sich eine auftue, werde sie sofort von anderen Akteuren besetzt. Kaum jemand hat die L\u00fcckenhaftigkeit des <em>Underground<\/em> so konzequent <a href=\"http:\/\/www.editiondaslabor.de\/blog\/2008\/09\/24\/underground\/\">erz\u00e4hlt<\/a> wie N\u00ed Gudix und ihre <a href=\"http:\/\/www.editiondaslabor.de\/blog\/2008\/08\/23\/kritik-an-der-literarischen-alternative\/\">Kritik an der literarischen Alternative<\/a> ist berechtigt. Ein Portr\u00e4t von N\u00ed Gudix findet sich <a href=\"http:\/\/www.editiondaslabor.de\/blog\/2015\/08\/16\/da-lernst-du-die-menschen-kennen\/\">hier<\/a>. Lesen Sie auch die <a href=\"http:\/\/www.editiondaslabor.de\/blog\/2005\/09\/24\/erinnerungen\/\">Erinnerungen an den Bottroper Literaturrocker<\/a> von Werner Streletz und den <a href=\"http:\/\/www.editiondaslabor.de\/blog\/2008\/09\/28\/rip-bruno\/\">Nachruf<\/a>von Bruno Runzheimer. In einem Kollegengespr\u00e4ch mit Barbara Ester dekonstruiert A.J. Weigoni die <em><a href=\"http:\/\/www.editiondaslabor.de\/blog\/1997\/10\/09\/ruhrgebietsromantik\/\">Ruhrgebietsromantik<\/a><\/em>. Mit<a href=\"http:\/\/www.editiondaslabor.de\/blog\/?p=6071\"> Kersten Flenter<\/a> und <a href=\"http:\/\/www.editiondaslabor.de\/blog\/2001\/06\/23\/killroy-review\/\">Michael Sch\u00f6nauer<\/a> geh\u00f6rte <a href=\"http:\/\/www.editiondaslabor.de\/blog\/2015\/08\/24\/polyphone-ich-erzaehlungen\/\">Tom de Toys<\/a> zum\u00a0Dreigestirn des deutschen <a href=\"http:\/\/www.editiondaslabor.de\/blog\/1997\/01\/05\/bewegung\/\">Poetry Slam<\/a>. Einen Nachruf von Theo Breuer auf den Urvater des Social-Beat finden Sie <a href=\"http:\/\/www.editiondaslabor.de\/blog\/2012\/03\/07\/hubsch-revisited\/\">hier<\/a> \u2013 Sowie selbstverst\u00e4ndlich his <a href=\"http:\/\/www.editiondaslabor.de\/blog\/1995\/06\/25\/wie-was-social-beat-ist-und-warum-und-warum-nicht\/\">Masters voice<\/a>. Und Dr. Stahls kaltgenaue <a href=\"http:\/\/www.editiondaslabor.de\/blog\/2002\/06\/26\/social-beat-vs-digitales-dasein\/\">Analyse<\/a>. \u2013 1989 erscheint Helge Schneiders allererste Schallplatte <a href=\"http:\/\/www.editiondaslabor.de\/blog\/?p=26990\"><em>Seine gr\u00f6\u00dften Erfolge<\/em><\/a>. Produziert von Helge Schneider und <a href=\"http:\/\/www.editiondaslabor.de\/blog\/2012\/07\/20\/klangkloetzchen\/\">Tom T\u00e4ger<\/a> im Tonstudio\/Ruhr. Constanze Schmidt beschreibt den Weg von <a href=\"http:\/\/www.editiondaslabor.de\/blog\/?p=26080\">Proust zu Pulp<\/a>. Ebenso eindr\u00fccklich empfohlen sei Heiner Links <a href=\"http:\/\/www.editiondaslabor.de\/blog\/?p=42272\">Vorwort<\/a> zum Band Trash-Piloten. \u2013 Die KUNO-Redaktion bat A.J. Weigoni um einen Text mit Bezug auf die Mainzer Minpressenmesse (MMPM) und er kramte eine <a href=\"http:\/\/www.editiondaslabor.de\/blog\/1993\/05\/31\/treff-der-titanen\/\">Realsatire<\/a> aus dem Jahr 1993 heraus, die er f\u00fcr den Mainzer Verleger Jens Neumann geschrieben hat.<\/p>\n","protected":false},"excerpt":{"rendered":"<p>&nbsp; &nbsp; Dieses Leben im Osten unserer Erde mit seiner Weisheit, dieser hektische Westen mit seinem aufgerissenen, rausch-verzogenen Mund, wie sich diese Hemisph\u00e4ren miteinander verbinden, wie sie einander durchdringen, um sich zu einem messianischen Zeitalter zu vereinigen. &nbsp; &nbsp; ***&hellip;<\/p>\n<p class=\"more-link-p\"><a class=\"more-link\" href=\"http:\/\/www.editiondaslabor.de\/blog\/2008\/01\/04\/keine-zeit-fuer-trips\/\">Read more &rarr;<\/a><\/p>\n","protected":false},"author":201,"featured_media":97921,"comment_status":"closed","ping_status":"closed","sticky":false,"template":"","format":"standard","meta":{"footnotes":""},"categories":[1],"tags":[249],"class_list":["post-81294","post","type-post","status-publish","format-standard","has-post-thumbnail","hentry","category-literatur","tag-hadayatullah-hubsch"],"_links":{"self":[{"href":"http:\/\/www.editiondaslabor.de\/blog\/wp-json\/wp\/v2\/posts\/81294","targetHints":{"allow":["GET"]}}],"collection":[{"href":"http:\/\/www.editiondaslabor.de\/blog\/wp-json\/wp\/v2\/posts"}],"about":[{"href":"http:\/\/www.editiondaslabor.de\/blog\/wp-json\/wp\/v2\/types\/post"}],"author":[{"embeddable":true,"href":"http:\/\/www.editiondaslabor.de\/blog\/wp-json\/wp\/v2\/users\/201"}],"replies":[{"embeddable":true,"href":"http:\/\/www.editiondaslabor.de\/blog\/wp-json\/wp\/v2\/comments?post=81294"}],"version-history":[{"count":1,"href":"http:\/\/www.editiondaslabor.de\/blog\/wp-json\/wp\/v2\/posts\/81294\/revisions"}],"predecessor-version":[{"id":97927,"href":"http:\/\/www.editiondaslabor.de\/blog\/wp-json\/wp\/v2\/posts\/81294\/revisions\/97927"}],"wp:featuredmedia":[{"embeddable":true,"href":"http:\/\/www.editiondaslabor.de\/blog\/wp-json\/wp\/v2\/media\/97921"}],"wp:attachment":[{"href":"http:\/\/www.editiondaslabor.de\/blog\/wp-json\/wp\/v2\/media?parent=81294"}],"wp:term":[{"taxonomy":"category","embeddable":true,"href":"http:\/\/www.editiondaslabor.de\/blog\/wp-json\/wp\/v2\/categories?post=81294"},{"taxonomy":"post_tag","embeddable":true,"href":"http:\/\/www.editiondaslabor.de\/blog\/wp-json\/wp\/v2\/tags?post=81294"}],"curies":[{"name":"wp","href":"https:\/\/api.w.org\/{rel}","templated":true}]}}