{"id":81257,"date":"2024-10-15T00:01:12","date_gmt":"2024-10-14T22:01:12","guid":{"rendered":"http:\/\/www.editiondaslabor.de\/blog\/?p=81257"},"modified":"2022-02-21T18:12:00","modified_gmt":"2022-02-21T17:12:00","slug":"an-das-ideal","status":"publish","type":"post","link":"http:\/\/www.editiondaslabor.de\/blog\/2024\/10\/15\/an-das-ideal\/","title":{"rendered":"An das Ideal"},"content":{"rendered":"<h1 class=\"sg12\"><\/h1>\n<p class=\"stext\">Wen liebt ich so wie dich,<\/p>\n<p class=\"stext\">geliebter Schatten!<\/p>\n<p class=\"stext\">Ich zog dich an mich, in mich &#8211; und seitdem<\/p>\n<p class=\"stext\">ward ich beinah zum Schatten,<\/p>\n<p class=\"stext\">du zum Leibe.<\/p>\n<p class=\"stext\">Nur da\u00df mein Auge unbelehrbar ist,<\/p>\n<p class=\"stext\">gew\u00f6hnt, die Dinge au\u00dfer sich zu sehen:<\/p>\n<p class=\"stext\">Ihm bleibst du stets das ewge Au\u00dfer-mir.<\/p>\n<p class=\"stext\">Ach, dieses Auge bringt mich au\u00dfer mich!<\/p>\n<p>&nbsp;<\/p>\n<p>&nbsp;<\/p>\n<p style=\"text-align: center;\">***<\/p>\n<div style=\"text-align: justify;\">\n<dl id=\"attachment_14437\">\n<dt><img loading=\"lazy\" decoding=\"async\" class=\"alignleft size-full wp-image-99342\" src=\"http:\/\/www.editiondaslabor.de\/blog\/wp-content\/uploads\/2025\/10\/Friedrich-Nietzsche-e1645463484791.jpg\" alt=\"\" width=\"245\" height=\"300\" \/>Nietzsche selbst nennt den Stil, in dem <i>Also sprach Zarathustra<\/i> geschrieben ist, <a title=\"Halkyonische Tage\" href=\"http:\/\/de.wikipedia.org\/wiki\/Halkyonische_Tage\">halkyonisch<\/a> und w\u00fcnscht sich Leser, die eines \u201egleichen Pathos f\u00e4hig und w\u00fcrdig sind\u201c: \u201eMan muss vor Allem den Ton, der aus diesem Munde kommt, diesen halkyonischen Ton richtig <i>h\u00f6ren<\/i>, um dem Sinn seiner Weisheit nicht erbarmungsw\u00fcrdig Unrecht zu tun\u201c. In hymnischer Prosa berichtet ein personaler Erz\u00e4hler vom Wirken eines fiktiven Denkers, der den Namen des persischen Religionsstifters <a title=\"Zarathustra\" href=\"http:\/\/de.wikipedia.org\/wiki\/Zarathustra\">Zarathustra<\/a> tr\u00e4gt.<\/dt>\n<\/dl>\n<p style=\"text-align: justify;\"><strong>Weiterf\u00fchrend \u2192<\/strong><\/p>\n<p>Lesen Sie auch \u201e<a href=\"http:\/\/www.editiondaslabor.de\/blog\/?p=51602\">Zarathustra \u2022 Revisited<\/a>\u201e. Z\u00e4hlung, Dichtung, Diagramme. Visualisiert von Hartmut Abendschein. Und Thomas N\u00f6ske versucht <a href=\"http:\/\/www.editiondaslabor.de\/blog\/?p=70592\">mit diesem Essay<\/a> mit Nietzsche fertig zu werden.<\/p>\n<\/div>\n","protected":false},"excerpt":{"rendered":"<p>Wen liebt ich so wie dich, geliebter Schatten! Ich zog dich an mich, in mich &#8211; und seitdem ward ich beinah zum Schatten, du zum Leibe. Nur da\u00df mein Auge unbelehrbar ist, gew\u00f6hnt, die Dinge au\u00dfer sich zu sehen: Ihm&hellip;<\/p>\n<p class=\"more-link-p\"><a class=\"more-link\" href=\"http:\/\/www.editiondaslabor.de\/blog\/2024\/10\/15\/an-das-ideal\/\">Read more &rarr;<\/a><\/p>\n","protected":false},"author":93,"featured_media":99342,"comment_status":"closed","ping_status":"closed","sticky":false,"template":"","format":"standard","meta":{"footnotes":""},"categories":[1],"tags":[447],"class_list":["post-81257","post","type-post","status-publish","format-standard","has-post-thumbnail","hentry","category-literatur","tag-friedrich-nietzsche"],"_links":{"self":[{"href":"http:\/\/www.editiondaslabor.de\/blog\/wp-json\/wp\/v2\/posts\/81257","targetHints":{"allow":["GET"]}}],"collection":[{"href":"http:\/\/www.editiondaslabor.de\/blog\/wp-json\/wp\/v2\/posts"}],"about":[{"href":"http:\/\/www.editiondaslabor.de\/blog\/wp-json\/wp\/v2\/types\/post"}],"author":[{"embeddable":true,"href":"http:\/\/www.editiondaslabor.de\/blog\/wp-json\/wp\/v2\/users\/93"}],"replies":[{"embeddable":true,"href":"http:\/\/www.editiondaslabor.de\/blog\/wp-json\/wp\/v2\/comments?post=81257"}],"version-history":[{"count":2,"href":"http:\/\/www.editiondaslabor.de\/blog\/wp-json\/wp\/v2\/posts\/81257\/revisions"}],"predecessor-version":[{"id":99343,"href":"http:\/\/www.editiondaslabor.de\/blog\/wp-json\/wp\/v2\/posts\/81257\/revisions\/99343"}],"wp:featuredmedia":[{"embeddable":true,"href":"http:\/\/www.editiondaslabor.de\/blog\/wp-json\/wp\/v2\/media\/99342"}],"wp:attachment":[{"href":"http:\/\/www.editiondaslabor.de\/blog\/wp-json\/wp\/v2\/media?parent=81257"}],"wp:term":[{"taxonomy":"category","embeddable":true,"href":"http:\/\/www.editiondaslabor.de\/blog\/wp-json\/wp\/v2\/categories?post=81257"},{"taxonomy":"post_tag","embeddable":true,"href":"http:\/\/www.editiondaslabor.de\/blog\/wp-json\/wp\/v2\/tags?post=81257"}],"curies":[{"name":"wp","href":"https:\/\/api.w.org\/{rel}","templated":true}]}}