{"id":81192,"date":"2010-04-01T00:01:06","date_gmt":"2010-03-31T22:01:06","guid":{"rendered":"http:\/\/www.editiondaslabor.de\/blog\/?p=81192"},"modified":"2021-10-06T15:02:30","modified_gmt":"2021-10-06T13:02:30","slug":"mein-kopf","status":"publish","type":"post","link":"http:\/\/www.editiondaslabor.de\/blog\/2010\/04\/01\/mein-kopf\/","title":{"rendered":"Mein Kopf"},"content":{"rendered":"<p>&nbsp;<\/p>\n<p style=\"text-align: right;\"><em><span id=\"productTitle\" class=\"a-size-extra-large\">Mein Kopf und die Beine von Marlene Dietrich.<\/span><\/em><\/p>\n<p style=\"text-align: right;\"><span id=\"productTitle\" class=\"a-size-extra-large\">Heinrich Mann<\/span><\/p>\n<p>&nbsp;<\/p>\n<div id=\"attachment_81196\" style=\"width: 610px\" class=\"wp-caption aligncenter\"><a href=\"http:\/\/www.editiondaslabor.de\/blog\/wp-content\/uploads\/2029\/08\/Marlene.png\"><img loading=\"lazy\" decoding=\"async\" aria-describedby=\"caption-attachment-81196\" class=\"wp-image-81196 size-full\" src=\"http:\/\/www.editiondaslabor.de\/blog\/wp-content\/uploads\/2029\/08\/Marlene.png\" alt=\"\" width=\"600\" height=\"428\" srcset=\"http:\/\/www.editiondaslabor.de\/blog\/wp-content\/uploads\/2029\/08\/Marlene.png 600w, http:\/\/www.editiondaslabor.de\/blog\/wp-content\/uploads\/2029\/08\/Marlene-300x214.png 300w, http:\/\/www.editiondaslabor.de\/blog\/wp-content\/uploads\/2029\/08\/Marlene-560x399.png 560w, http:\/\/www.editiondaslabor.de\/blog\/wp-content\/uploads\/2029\/08\/Marlene-260x185.png 260w, http:\/\/www.editiondaslabor.de\/blog\/wp-content\/uploads\/2029\/08\/Marlene-160x114.png 160w\" sizes=\"auto, (max-width: 600px) 100vw, 600px\" \/><\/a><p id=\"caption-attachment-81196\" class=\"wp-caption-text\">Marlene Dietrich, von Kopf bis Fu\u00df auf Liebe eingestellt<\/p><\/div>\n<p>&nbsp;<\/p>\n<p style=\"text-align: justify;\"><b>Der blaue Engel<\/b> ist eine deutsche Tragikom\u00f6die und einer der fr\u00fchesten Tonfilme. Er entstand in den Jahren 1929-30 unter der Regie von Josef von Sternberg f\u00fcr die UFA. Das Drehbuch schrieben Carl Zuckmayer und Karl Gustav Vollmoeller sowie Robert Liebmann unter Mitwirkung des Autors nach dem Roman <i>Professor Unrat<\/i> von Heinrich Mann. Der Film zeigt Emil Jannings als Professor Immanuel Rath, einen \u00e4lteren Lehrer, der sich in die von Marlene Dietrich gespielte Variet\u00e9s\u00e4ngerin Lola Lola verliebt und daran zugrunde geht.<\/p>\n<p style=\"text-align: justify;\">Die Urauff\u00fchrung des Films fand am 1. April 1930 im Berliner Gloria-Palast statt. Die gleichzeitig mit denselben Schauspielern entstandene englische Fassung <i>The Blue Angel<\/i> wurde am 4. Juli in London uraufgef\u00fchrt.<\/p>\n<p style=\"text-align: justify;\">\n","protected":false},"excerpt":{"rendered":"<p>&nbsp; Mein Kopf und die Beine von Marlene Dietrich. Heinrich Mann &nbsp; &nbsp; Der blaue Engel ist eine deutsche Tragikom\u00f6die und einer der fr\u00fchesten Tonfilme. Er entstand in den Jahren 1929-30 unter der Regie von Josef von Sternberg f\u00fcr die&hellip;<\/p>\n<p class=\"more-link-p\"><a class=\"more-link\" href=\"http:\/\/www.editiondaslabor.de\/blog\/2010\/04\/01\/mein-kopf\/\">Read more &rarr;<\/a><\/p>\n","protected":false},"author":2,"featured_media":81193,"comment_status":"closed","ping_status":"closed","sticky":false,"template":"","format":"standard","meta":{"footnotes":""},"categories":[1],"tags":[2885,2881,2884,2883],"class_list":["post-81192","post","type-post","status-publish","format-standard","has-post-thumbnail","hentry","category-literatur","tag-emil-jannings","tag-heinrich-mann","tag-josef-von-sternberg","tag-marlene-dietrich"],"_links":{"self":[{"href":"http:\/\/www.editiondaslabor.de\/blog\/wp-json\/wp\/v2\/posts\/81192","targetHints":{"allow":["GET"]}}],"collection":[{"href":"http:\/\/www.editiondaslabor.de\/blog\/wp-json\/wp\/v2\/posts"}],"about":[{"href":"http:\/\/www.editiondaslabor.de\/blog\/wp-json\/wp\/v2\/types\/post"}],"author":[{"embeddable":true,"href":"http:\/\/www.editiondaslabor.de\/blog\/wp-json\/wp\/v2\/users\/2"}],"replies":[{"embeddable":true,"href":"http:\/\/www.editiondaslabor.de\/blog\/wp-json\/wp\/v2\/comments?post=81192"}],"version-history":[{"count":0,"href":"http:\/\/www.editiondaslabor.de\/blog\/wp-json\/wp\/v2\/posts\/81192\/revisions"}],"wp:featuredmedia":[{"embeddable":true,"href":"http:\/\/www.editiondaslabor.de\/blog\/wp-json\/"}],"wp:attachment":[{"href":"http:\/\/www.editiondaslabor.de\/blog\/wp-json\/wp\/v2\/media?parent=81192"}],"wp:term":[{"taxonomy":"category","embeddable":true,"href":"http:\/\/www.editiondaslabor.de\/blog\/wp-json\/wp\/v2\/categories?post=81192"},{"taxonomy":"post_tag","embeddable":true,"href":"http:\/\/www.editiondaslabor.de\/blog\/wp-json\/wp\/v2\/tags?post=81192"}],"curies":[{"name":"wp","href":"https:\/\/api.w.org\/{rel}","templated":true}]}}