{"id":80833,"date":"2024-09-17T00:01:04","date_gmt":"2024-09-16T22:01:04","guid":{"rendered":"http:\/\/www.editiondaslabor.de\/blog\/?p=80833"},"modified":"2022-02-21T18:58:04","modified_gmt":"2022-02-21T17:58:04","slug":"sonette-xxi","status":"publish","type":"post","link":"http:\/\/www.editiondaslabor.de\/blog\/2024\/09\/17\/sonette-xxi\/","title":{"rendered":"Sonette &#8211; XXI"},"content":{"rendered":"<p>&nbsp;<\/p>\r\n<div>Als mich die Stimme rief die n\u00e4chtens spricht<\/div>\r\n<div>Ward ich wie Sterbende ins Schiff entrissen<\/div>\r\n<div>In Segeln meinen tr\u00fcgerischen Kissen<\/div>\r\n<div>Verw\u00e4hnte ich geborgen mein Gesicht<\/div>\r\n<div>\u00a0<\/div>\r\n<div>Vor ihm der kommt im Wind und kommt mit Wissen<\/div>\r\n<div>Die schwarze Woge netzt ihn sicher nicht<\/div>\r\n<div>Er birgt in seiner Brust das blo\u00dfe Licht<\/div>\r\n<div>Das ihm verliehen aus den Finsternissen<\/div>\r\n<div>\u00a0<\/div>\r\n<div>Die \u00fcber Nacht um meine Seele werben<\/div>\r\n<div>Wenn sich die tr\u00e4ge vor dem Herren ziert<\/div>\r\n<div>Und sich allabendlich ins Nichts verliert<\/div>\r\n<div>\u00a0<\/div>\r\n<div>In solcher Zeit soll sie um ihn verderben<\/div>\r\n<div>Jedoch aus ihm der ihren Tag gebiert<\/div>\r\n<div>Ist sie erwacht und wu\u00dfte sich im Sterben<\/div>\r\n<div>\u00a0<\/div>\r\n<div>\u00a0<\/div>\r\n<div>\u00a0<\/div>\r\n<div>\r\n<p class=\"hide-if-no-js\"><!-- \/wp:post-content -->\r\n\r\n<!-- wp:paragraph {\"align\":\"center\"} --><\/p>\r\n<p class=\"has-text-align-center\" style=\"text-align: center;\">***<\/p>\r\n<p class=\"hide-if-no-js\"><!-- \/wp:paragraph -->\r\n\r\n<!-- wp:paragraph --><\/p>\r\n<p style=\"text-align: justify;\"><img loading=\"lazy\" decoding=\"async\" class=\"alignleft wp-image-98124 size-medium\" src=\"http:\/\/www.editiondaslabor.de\/blog\/wp-content\/uploads\/2022\/02\/Walter_Benjamin-248x300.jpg\" alt=\"\" width=\"248\" height=\"300\" \/><strong>Weiterf\u00fchrend \u2192<\/strong> Essayistisch flanierte Walter Benjam mit <a href=\"http:\/\/www.editiondaslabor.de\/blog\/2020\/10\/05\/baudelaire-oder-die-strassen-von-paris\/\">Baudelaire durch die Stra\u00dfen von Paris<\/a>. Eine Rezension \u00fcber <a href=\"http:\/\/www.editiondaslabor.de\/blog\/2020\/09\/20\/linke-melancholie\/\">Ein Mann gibt Auskunft<\/a>, Gedichte von Erich K\u00e4stner und \u00fcber <a href=\"http:\/\/www.editiondaslabor.de\/blog\/2020\/06\/07\/dichtermut\/\">zwei Gedichte von Friedrich H\u00f6lderlin<\/a>, sowie die <a href=\"http:\/\/www.editiondaslabor.de\/blog\/2020\/02\/09\/gebrauchslyrik-aber-nicht-so\/\">Gedichte, Lieder und Chansons<\/a> des Walter Mehring.<\/p>\r\n<header><\/header>\r\n<p style=\"text-align: justify;\">Poesie z\u00e4hlt f\u00fcr KUNO weiterhin zu den identit\u00e4ts- und identifikationstiftenden Elementen einer Kultur, dies bezeugte auch der Versuch einer <a href=\"http:\/\/www.editiondaslabor.de\/blog\/?p=25630\">poetologischen Positionsbestimmung<\/a>.<\/p>\r\n<\/div>","protected":false},"excerpt":{"rendered":"<p>&nbsp; Als mich die Stimme rief die n\u00e4chtens spricht Ward ich wie Sterbende ins Schiff entrissen In Segeln meinen tr\u00fcgerischen Kissen Verw\u00e4hnte ich geborgen mein Gesicht \u00a0 Vor ihm der kommt im Wind und kommt mit Wissen Die schwarze Woge&hellip;<\/p>\n<p class=\"more-link-p\"><a class=\"more-link\" href=\"http:\/\/www.editiondaslabor.de\/blog\/2024\/09\/17\/sonette-xxi\/\">Read more &rarr;<\/a><\/p>\n","protected":false},"author":72,"featured_media":98124,"comment_status":"closed","ping_status":"closed","sticky":false,"template":"","format":"standard","meta":{"footnotes":""},"categories":[1],"tags":[428],"class_list":["post-80833","post","type-post","status-publish","format-standard","has-post-thumbnail","hentry","category-literatur","tag-walter-benjamin"],"_links":{"self":[{"href":"http:\/\/www.editiondaslabor.de\/blog\/wp-json\/wp\/v2\/posts\/80833","targetHints":{"allow":["GET"]}}],"collection":[{"href":"http:\/\/www.editiondaslabor.de\/blog\/wp-json\/wp\/v2\/posts"}],"about":[{"href":"http:\/\/www.editiondaslabor.de\/blog\/wp-json\/wp\/v2\/types\/post"}],"author":[{"embeddable":true,"href":"http:\/\/www.editiondaslabor.de\/blog\/wp-json\/wp\/v2\/users\/72"}],"replies":[{"embeddable":true,"href":"http:\/\/www.editiondaslabor.de\/blog\/wp-json\/wp\/v2\/comments?post=80833"}],"version-history":[{"count":1,"href":"http:\/\/www.editiondaslabor.de\/blog\/wp-json\/wp\/v2\/posts\/80833\/revisions"}],"predecessor-version":[{"id":99383,"href":"http:\/\/www.editiondaslabor.de\/blog\/wp-json\/wp\/v2\/posts\/80833\/revisions\/99383"}],"wp:featuredmedia":[{"embeddable":true,"href":"http:\/\/www.editiondaslabor.de\/blog\/wp-json\/wp\/v2\/media\/98124"}],"wp:attachment":[{"href":"http:\/\/www.editiondaslabor.de\/blog\/wp-json\/wp\/v2\/media?parent=80833"}],"wp:term":[{"taxonomy":"category","embeddable":true,"href":"http:\/\/www.editiondaslabor.de\/blog\/wp-json\/wp\/v2\/categories?post=80833"},{"taxonomy":"post_tag","embeddable":true,"href":"http:\/\/www.editiondaslabor.de\/blog\/wp-json\/wp\/v2\/tags?post=80833"}],"curies":[{"name":"wp","href":"https:\/\/api.w.org\/{rel}","templated":true}]}}