{"id":80821,"date":"2024-06-17T00:01:17","date_gmt":"2024-06-16T22:01:17","guid":{"rendered":"http:\/\/www.editiondaslabor.de\/blog\/?p=80821"},"modified":"2022-02-23T06:31:37","modified_gmt":"2022-02-23T05:31:37","slug":"sonette-xviii","status":"publish","type":"post","link":"http:\/\/www.editiondaslabor.de\/blog\/2024\/06\/17\/sonette-xviii\/","title":{"rendered":"Sonette &#8211; XVIII"},"content":{"rendered":"<p>&nbsp;<\/p>\r\n<div>\r\n<div>In seine H\u00e4nde mocht ich meine Stunden<\/div>\r\n<div>Wie Knospen sch\u00fctten die um ihn erbl\u00fchn<\/div>\r\n<div>Gedachte mit des Schweigens Immergr\u00fcn<\/div>\r\n<div>Die Stirn zu schirmen die Ges\u00e4nge runden<\/div>\r\n<div>\u00a0<\/div>\r\n<div>Ihm sollte meines Armes Schwertschlag gl\u00fchn<\/div>\r\n<div>Im Kampfe der gebenedeiten Wunden<\/div>\r\n<div>Wo sich Verrat auf seinen Pfad gewunden<\/div>\r\n<div>Mein Warnen sollte wie Fanfaren spr\u00fchn<\/div>\r\n<div>\u00a0<\/div>\r\n<div>Ich wollte Schild sein dem erw\u00e4hlten Ritter<\/div>\r\n<div>Da\u00df er durch helle W\u00e4lder m\u00fc\u00dfig streife<\/div>\r\n<div>Sein Bote war mein Mund der s\u00fc\u00dft was bitter<\/div>\r\n<div>\u00a0<\/div>\r\n<div>Weht atmend da\u00df ihn Winter nicht bereife<\/div>\r\n<div>Dies alles tat er mir nicht ich tat&#8217;s ihm<\/div>\r\n<div>Zu F\u00fc\u00dfen liegt er nun gel\u00f6st den Riem.<\/div>\r\n<\/div>\r\n<div>\u00a0<\/div>\r\n<div>\u00a0<\/div>\r\n<div>\u00a0<\/div>\r\n<div>\u00a0<\/div>\r\n<div>\r\n<p class=\"hide-if-no-js\"><!-- \/wp:post-content -->\r\n\r\n<!-- wp:paragraph {\"align\":\"center\"} --><\/p>\r\n<p class=\"has-text-align-center\" style=\"text-align: center;\">***<\/p>\r\n<p class=\"hide-if-no-js\"><!-- \/wp:paragraph -->\r\n\r\n<!-- wp:paragraph --><\/p>\r\n<p style=\"text-align: justify;\"><strong><img loading=\"lazy\" decoding=\"async\" class=\"alignleft size-full wp-image-98124\" src=\"http:\/\/www.editiondaslabor.de\/blog\/wp-content\/uploads\/2022\/02\/Walter_Benjamin-e1645553136487.jpg\" alt=\"\" width=\"248\" height=\"300\" \/>Weiterf\u00fchrend \u2192<\/strong> Essayistisch flanierte Walter Benjam mit <a href=\"http:\/\/www.editiondaslabor.de\/blog\/2020\/10\/05\/baudelaire-oder-die-strassen-von-paris\/\">Baudelaire durch die Stra\u00dfen von Paris<\/a>. Eine Rezension \u00fcber <a href=\"http:\/\/www.editiondaslabor.de\/blog\/2020\/09\/20\/linke-melancholie\/\">Ein Mann gibt Auskunft<\/a>, Gedichte von Erich K\u00e4stner und \u00fcber <a href=\"http:\/\/www.editiondaslabor.de\/blog\/2020\/06\/07\/dichtermut\/\">zwei Gedichte von Friedrich H\u00f6lderlin<\/a>, sowie die <a href=\"http:\/\/www.editiondaslabor.de\/blog\/2020\/02\/09\/gebrauchslyrik-aber-nicht-so\/\">Gedichte, Lieder und Chansons<\/a> des Walter Mehring.<\/p>\r\n<header><\/header>\r\n<p style=\"text-align: justify;\">Poesie z\u00e4hlt f\u00fcr KUNO weiterhin zu den identit\u00e4ts- und identifikationstiftenden Elementen einer Kultur, dies bezeugte auch der Versuch einer <a href=\"http:\/\/www.editiondaslabor.de\/blog\/?p=25630\">poetologischen Positionsbestimmung<\/a>.<\/p>\r\n<\/div>","protected":false},"excerpt":{"rendered":"<p>&nbsp; In seine H\u00e4nde mocht ich meine Stunden Wie Knospen sch\u00fctten die um ihn erbl\u00fchn Gedachte mit des Schweigens Immergr\u00fcn Die Stirn zu schirmen die Ges\u00e4nge runden \u00a0 Ihm sollte meines Armes Schwertschlag gl\u00fchn Im Kampfe der gebenedeiten Wunden Wo&hellip;<\/p>\n<p class=\"more-link-p\"><a class=\"more-link\" href=\"http:\/\/www.editiondaslabor.de\/blog\/2024\/06\/17\/sonette-xviii\/\">Read more &rarr;<\/a><\/p>\n","protected":false},"author":72,"featured_media":98124,"comment_status":"closed","ping_status":"closed","sticky":false,"template":"","format":"standard","meta":{"footnotes":""},"categories":[1],"tags":[2880],"class_list":["post-80821","post","type-post","status-publish","format-standard","has-post-thumbnail","hentry","category-literatur","tag-walter-benjam"],"_links":{"self":[{"href":"http:\/\/www.editiondaslabor.de\/blog\/wp-json\/wp\/v2\/posts\/80821","targetHints":{"allow":["GET"]}}],"collection":[{"href":"http:\/\/www.editiondaslabor.de\/blog\/wp-json\/wp\/v2\/posts"}],"about":[{"href":"http:\/\/www.editiondaslabor.de\/blog\/wp-json\/wp\/v2\/types\/post"}],"author":[{"embeddable":true,"href":"http:\/\/www.editiondaslabor.de\/blog\/wp-json\/wp\/v2\/users\/72"}],"replies":[{"embeddable":true,"href":"http:\/\/www.editiondaslabor.de\/blog\/wp-json\/wp\/v2\/comments?post=80821"}],"version-history":[{"count":2,"href":"http:\/\/www.editiondaslabor.de\/blog\/wp-json\/wp\/v2\/posts\/80821\/revisions"}],"predecessor-version":[{"id":99700,"href":"http:\/\/www.editiondaslabor.de\/blog\/wp-json\/wp\/v2\/posts\/80821\/revisions\/99700"}],"wp:featuredmedia":[{"embeddable":true,"href":"http:\/\/www.editiondaslabor.de\/blog\/wp-json\/wp\/v2\/media\/98124"}],"wp:attachment":[{"href":"http:\/\/www.editiondaslabor.de\/blog\/wp-json\/wp\/v2\/media?parent=80821"}],"wp:term":[{"taxonomy":"category","embeddable":true,"href":"http:\/\/www.editiondaslabor.de\/blog\/wp-json\/wp\/v2\/categories?post=80821"},{"taxonomy":"post_tag","embeddable":true,"href":"http:\/\/www.editiondaslabor.de\/blog\/wp-json\/wp\/v2\/tags?post=80821"}],"curies":[{"name":"wp","href":"https:\/\/api.w.org\/{rel}","templated":true}]}}