{"id":80817,"date":"2024-05-17T00:01:19","date_gmt":"2024-05-16T22:01:19","guid":{"rendered":"http:\/\/www.editiondaslabor.de\/blog\/?p=80817"},"modified":"2022-02-23T08:42:26","modified_gmt":"2022-02-23T07:42:26","slug":"sonette-xvii","status":"publish","type":"post","link":"http:\/\/www.editiondaslabor.de\/blog\/2024\/05\/17\/sonette-xvii\/","title":{"rendered":"Sonette &#8211; XVII"},"content":{"rendered":"<p>&nbsp;<\/p>\r\n<div>\r\n<div>Die Harfe h\u00e4ngt im Wind sie kann nicht wehren<\/div>\r\n<div>Da\u00df deines Todes Hauch die Saiten r\u00fchrt<\/div>\r\n<div>Der in den Herzen gro\u00dfe Feuer sch\u00fcrt<\/div>\r\n<div>Und Wellen l\u00e4cheln macht auf hohen Meeren<\/div>\r\n<div>\u00a0<\/div>\r\n<div>Zur fr\u00fchen Stunde da du mich entf\u00fchrt<\/div>\r\n<div>Gedenkst du noch der silbernen Galeeren<\/div>\r\n<div>Des gl\u00fchenden Gespr\u00e4ches eh in Sch\u00e4ren<\/div>\r\n<div>Die feuchten D\u00fcnste deine Stirn ber\u00fchrt<\/div>\r\n<div>\u00a0<\/div>\r\n<div>Kann nun verwehter Hauch dich noch erreichen<\/div>\r\n<div>Da schon die Wolke deinen Blick umf\u00e4ngt<\/div>\r\n<div>Und lauschst du noch dem trauervollen Zeichen<\/div>\r\n<div>\u00a0<\/div>\r\n<div>Das sich im n\u00e4chtgen Winde zu dir dr\u00e4ngt<\/div>\r\n<div>Den Klang vernimmst du den ersterbend warfen<\/div>\r\n<div>Im letzten Schmerz zerspringend meine Harfen.<\/div>\r\n<div>\u00a0<\/div>\r\n<\/div>\r\n<div>\u00a0<\/div>\r\n<div>\u00a0<\/div>\r\n<div>\r\n<p class=\"hide-if-no-js\"><!-- \/wp:post-content -->\r\n\r\n<!-- wp:paragraph {\"align\":\"center\"} --><\/p>\r\n<p class=\"has-text-align-center\" style=\"text-align: center;\">***<\/p>\r\n<p class=\"hide-if-no-js\"><!-- \/wp:paragraph -->\r\n\r\n<!-- wp:paragraph --><\/p>\r\n<p style=\"text-align: justify;\"><img loading=\"lazy\" decoding=\"async\" class=\"alignleft size-full wp-image-98124\" src=\"http:\/\/www.editiondaslabor.de\/blog\/wp-content\/uploads\/2022\/02\/Walter_Benjamin-e1645553136487.jpg\" alt=\"\" width=\"248\" height=\"300\" \/><strong>Weiterf\u00fchrend \u2192<\/strong> Essayistisch flanierte Walter Benjam mit <a href=\"http:\/\/www.editiondaslabor.de\/blog\/2020\/10\/05\/baudelaire-oder-die-strassen-von-paris\/\">Baudelaire durch die Stra\u00dfen von Paris<\/a>. Eine Rezension \u00fcber <a href=\"http:\/\/www.editiondaslabor.de\/blog\/2020\/09\/20\/linke-melancholie\/\">Ein Mann gibt Auskunft<\/a>, Gedichte von Erich K\u00e4stner und \u00fcber <a href=\"http:\/\/www.editiondaslabor.de\/blog\/2020\/06\/07\/dichtermut\/\">zwei Gedichte von Friedrich H\u00f6lderlin<\/a>, sowie die <a href=\"http:\/\/www.editiondaslabor.de\/blog\/2020\/02\/09\/gebrauchslyrik-aber-nicht-so\/\">Gedichte, Lieder und Chansons<\/a> des Walter Mehring.<\/p>\r\n<header><\/header>\r\n<p style=\"text-align: justify;\">Poesie z\u00e4hlt f\u00fcr KUNO weiterhin zu den identit\u00e4ts- und identifikationstiftenden Elementen einer Kultur, dies bezeugte auch der Versuch einer <a href=\"http:\/\/www.editiondaslabor.de\/blog\/?p=25630\">poetologischen Positionsbestimmung<\/a>.<\/p>\r\n<\/div>","protected":false},"excerpt":{"rendered":"<p>&nbsp; Die Harfe h\u00e4ngt im Wind sie kann nicht wehren Da\u00df deines Todes Hauch die Saiten r\u00fchrt Der in den Herzen gro\u00dfe Feuer sch\u00fcrt Und Wellen l\u00e4cheln macht auf hohen Meeren \u00a0 Zur fr\u00fchen Stunde da du mich entf\u00fchrt Gedenkst&hellip;<\/p>\n<p class=\"more-link-p\"><a class=\"more-link\" href=\"http:\/\/www.editiondaslabor.de\/blog\/2024\/05\/17\/sonette-xvii\/\">Read more &rarr;<\/a><\/p>\n","protected":false},"author":72,"featured_media":98124,"comment_status":"closed","ping_status":"closed","sticky":false,"template":"","format":"standard","meta":{"footnotes":""},"categories":[1],"tags":[428],"class_list":["post-80817","post","type-post","status-publish","format-standard","has-post-thumbnail","hentry","category-literatur","tag-walter-benjamin"],"_links":{"self":[{"href":"http:\/\/www.editiondaslabor.de\/blog\/wp-json\/wp\/v2\/posts\/80817","targetHints":{"allow":["GET"]}}],"collection":[{"href":"http:\/\/www.editiondaslabor.de\/blog\/wp-json\/wp\/v2\/posts"}],"about":[{"href":"http:\/\/www.editiondaslabor.de\/blog\/wp-json\/wp\/v2\/types\/post"}],"author":[{"embeddable":true,"href":"http:\/\/www.editiondaslabor.de\/blog\/wp-json\/wp\/v2\/users\/72"}],"replies":[{"embeddable":true,"href":"http:\/\/www.editiondaslabor.de\/blog\/wp-json\/wp\/v2\/comments?post=80817"}],"version-history":[{"count":1,"href":"http:\/\/www.editiondaslabor.de\/blog\/wp-json\/wp\/v2\/posts\/80817\/revisions"}],"predecessor-version":[{"id":99740,"href":"http:\/\/www.editiondaslabor.de\/blog\/wp-json\/wp\/v2\/posts\/80817\/revisions\/99740"}],"wp:featuredmedia":[{"embeddable":true,"href":"http:\/\/www.editiondaslabor.de\/blog\/wp-json\/wp\/v2\/media\/98124"}],"wp:attachment":[{"href":"http:\/\/www.editiondaslabor.de\/blog\/wp-json\/wp\/v2\/media?parent=80817"}],"wp:term":[{"taxonomy":"category","embeddable":true,"href":"http:\/\/www.editiondaslabor.de\/blog\/wp-json\/wp\/v2\/categories?post=80817"},{"taxonomy":"post_tag","embeddable":true,"href":"http:\/\/www.editiondaslabor.de\/blog\/wp-json\/wp\/v2\/tags?post=80817"}],"curies":[{"name":"wp","href":"https:\/\/api.w.org\/{rel}","templated":true}]}}