{"id":80808,"date":"2024-03-17T00:01:40","date_gmt":"2024-03-16T23:01:40","guid":{"rendered":"http:\/\/www.editiondaslabor.de\/blog\/?p=80808"},"modified":"2022-02-23T16:22:51","modified_gmt":"2022-02-23T15:22:51","slug":"sonette-xv","status":"publish","type":"post","link":"http:\/\/www.editiondaslabor.de\/blog\/2024\/03\/17\/sonette-xv\/","title":{"rendered":"Sonette &#8211; XV"},"content":{"rendered":"<p>&nbsp;<\/p>\r\n<p>Die Jahre sind nun nicht mehr wie die Wogen<\/p>\r\n<p>Wenn sie das Meerschiff senken oder heben<\/p>\r\n<p>Ich bin der Steuermann am ruhigen Leben<\/p>\r\n<p>Des Schiffes Segelwald hat mich betrogen<\/p>\r\n<p>&nbsp;<\/p>\r\n<p>Ich habe ihn am Tage eingezogen<\/p>\r\n<p>Als sich der gute Wind in ihm gegeben<\/p>\r\n<p>Die weite Fl\u00e4che ward unnennbar eben<\/p>\r\n<p>Und hat Vergangnes unter mir erwogen<\/p>\r\n<p>&nbsp;<\/p>\r\n<p>Die Spiegelwelt in ihren blassen Farben<\/p>\r\n<p>Erging sich im Verwandeln ohne Lust<\/p>\r\n<p>Ich wendete mich nieder zu dem Blust<\/p>\r\n<p>&nbsp;<\/p>\r\n<p>Und fahndete in seinen feuchten Garben<\/p>\r\n<p>Erinnerungen nach die bald verdarben<\/p>\r\n<p>Im Wellenbild des blendenden August.<\/p>\r\n<p>&nbsp;<\/p>\r\n<p>&nbsp;<\/p>\r\n<!-- \/wp:post-content -->\r\n\r\n<!-- wp:paragraph {\"align\":\"center\"} -->\r\n<p class=\"has-text-align-center\" style=\"text-align: center;\">***<\/p>\r\n<!-- \/wp:paragraph -->\r\n\r\n<!-- wp:paragraph -->\r\n<p style=\"text-align: justify;\"><img loading=\"lazy\" decoding=\"async\" class=\"alignleft size-full wp-image-98124\" src=\"http:\/\/www.editiondaslabor.de\/blog\/wp-content\/uploads\/2022\/02\/Walter_Benjamin-e1645553136487.jpg\" alt=\"\" width=\"248\" height=\"300\" \/><strong>Weiterf\u00fchrend \u2192<\/strong> Essayistisch flanierte Walter Benjam mit <a href=\"http:\/\/www.editiondaslabor.de\/blog\/2020\/10\/05\/baudelaire-oder-die-strassen-von-paris\/\">Baudelaire durch die Stra\u00dfen von Paris<\/a>. Eine Rezension \u00fcber <a href=\"http:\/\/www.editiondaslabor.de\/blog\/2020\/09\/20\/linke-melancholie\/\">Ein Mann gibt Auskunft<\/a>, Gedichte von Erich K\u00e4stner und \u00fcber <a href=\"http:\/\/www.editiondaslabor.de\/blog\/2020\/06\/07\/dichtermut\/\">zwei Gedichte von Friedrich H\u00f6lderlin<\/a>, sowie die <a href=\"http:\/\/www.editiondaslabor.de\/blog\/2020\/02\/09\/gebrauchslyrik-aber-nicht-so\/\">Gedichte, Lieder und Chansons<\/a> des Walter Mehring.<\/p>\r\n<header><\/header>\r\n<p style=\"text-align: justify;\">Poesie z\u00e4hlt f\u00fcr KUNO weiterhin zu den identit\u00e4ts- und identifikationstiftenden Elementen einer Kultur, dies bezeugte auch der Versuch einer <a href=\"http:\/\/www.editiondaslabor.de\/blog\/?p=25630\">poetologischen Positionsbestimmung<\/a>.<\/p>","protected":false},"excerpt":{"rendered":"<p>&nbsp; Die Jahre sind nun nicht mehr wie die Wogen Wenn sie das Meerschiff senken oder heben Ich bin der Steuermann am ruhigen Leben Des Schiffes Segelwald hat mich betrogen &nbsp; Ich habe ihn am Tage eingezogen Als sich der&hellip;<\/p>\n<p class=\"more-link-p\"><a class=\"more-link\" href=\"http:\/\/www.editiondaslabor.de\/blog\/2024\/03\/17\/sonette-xv\/\">Read more &rarr;<\/a><\/p>\n","protected":false},"author":72,"featured_media":98124,"comment_status":"closed","ping_status":"closed","sticky":false,"template":"","format":"standard","meta":{"footnotes":""},"categories":[1],"tags":[428],"class_list":["post-80808","post","type-post","status-publish","format-standard","has-post-thumbnail","hentry","category-literatur","tag-walter-benjamin"],"_links":{"self":[{"href":"http:\/\/www.editiondaslabor.de\/blog\/wp-json\/wp\/v2\/posts\/80808","targetHints":{"allow":["GET"]}}],"collection":[{"href":"http:\/\/www.editiondaslabor.de\/blog\/wp-json\/wp\/v2\/posts"}],"about":[{"href":"http:\/\/www.editiondaslabor.de\/blog\/wp-json\/wp\/v2\/types\/post"}],"author":[{"embeddable":true,"href":"http:\/\/www.editiondaslabor.de\/blog\/wp-json\/wp\/v2\/users\/72"}],"replies":[{"embeddable":true,"href":"http:\/\/www.editiondaslabor.de\/blog\/wp-json\/wp\/v2\/comments?post=80808"}],"version-history":[{"count":1,"href":"http:\/\/www.editiondaslabor.de\/blog\/wp-json\/wp\/v2\/posts\/80808\/revisions"}],"predecessor-version":[{"id":99978,"href":"http:\/\/www.editiondaslabor.de\/blog\/wp-json\/wp\/v2\/posts\/80808\/revisions\/99978"}],"wp:featuredmedia":[{"embeddable":true,"href":"http:\/\/www.editiondaslabor.de\/blog\/wp-json\/wp\/v2\/media\/98124"}],"wp:attachment":[{"href":"http:\/\/www.editiondaslabor.de\/blog\/wp-json\/wp\/v2\/media?parent=80808"}],"wp:term":[{"taxonomy":"category","embeddable":true,"href":"http:\/\/www.editiondaslabor.de\/blog\/wp-json\/wp\/v2\/categories?post=80808"},{"taxonomy":"post_tag","embeddable":true,"href":"http:\/\/www.editiondaslabor.de\/blog\/wp-json\/wp\/v2\/tags?post=80808"}],"curies":[{"name":"wp","href":"https:\/\/api.w.org\/{rel}","templated":true}]}}