{"id":80804,"date":"2024-02-21T00:01:12","date_gmt":"2024-02-20T23:01:12","guid":{"rendered":"http:\/\/www.editiondaslabor.de\/blog\/?p=80804"},"modified":"2022-02-23T16:57:31","modified_gmt":"2022-02-23T15:57:31","slug":"sonette-xiv","status":"publish","type":"post","link":"http:\/\/www.editiondaslabor.de\/blog\/2024\/02\/21\/sonette-xiv\/","title":{"rendered":"Sonette &#8211; XIV"},"content":{"rendered":"<p>&nbsp;<\/p>\r\n<p>Ich bin im Bunde mit der alten Nacht<\/p>\r\n<p>Und wurde alt von ihr nicht unterschieden<\/p>\r\n<p>Hat Traurigkeit im Herzen ohne Frieden<\/p>\r\n<p>Die Herdstatt ihrer Schatten angefacht<\/p>\r\n<p>&nbsp;<\/p>\r\n<p>Was so entfernte Not zu Einer macht<\/p>\r\n<p>Die sonnenlose irdische hienieden<\/p>\r\n<p>Und mein Verfinstern das der Freund gemieden<\/p>\r\n<p>Das habe ich im Wachen oft bedacht<\/p>\r\n<p>&nbsp;<\/p>\r\n<p>In solcher Nacht ist Schlafen mehr denn selten<\/p>\r\n<p>Dem Schlummerlosen schenkt sie ihre Helle<\/p>\r\n<p>Die k\u00f6nnte nicht f\u00fcr Tag den Menschen gelten<\/p>\r\n<p>&nbsp;<\/p>\r\n<p>Und doch bestrahlt sie seine wahren Welten<\/p>\r\n<p>Kein andres Licht bl\u00fcht ja auf seiner Schwelle<\/p>\r\n<p>Erinnerung sein Mond und sein Geselle.<\/p>\r\n<p>&nbsp;<\/p>\r\n<p>&nbsp;<\/p>\r\n<!-- \/wp:post-content -->\r\n\r\n<!-- wp:paragraph {\"align\":\"center\"} -->\r\n<p class=\"has-text-align-center\" style=\"text-align: center;\">***<\/p>\r\n<!-- \/wp:paragraph -->\r\n\r\n<!-- wp:paragraph -->\r\n<p style=\"text-align: justify;\"><img loading=\"lazy\" decoding=\"async\" class=\"alignleft size-full wp-image-98124\" src=\"http:\/\/www.editiondaslabor.de\/blog\/wp-content\/uploads\/2022\/02\/Walter_Benjamin-e1645553136487.jpg\" alt=\"\" width=\"248\" height=\"300\" \/><strong>Weiterf\u00fchrend \u2192<\/strong> Essayistisch flanierte Walter Benjam mit <a href=\"http:\/\/www.editiondaslabor.de\/blog\/2020\/10\/05\/baudelaire-oder-die-strassen-von-paris\/\">Baudelaire durch die Stra\u00dfen von Paris<\/a>. Eine Rezension \u00fcber <a href=\"http:\/\/www.editiondaslabor.de\/blog\/2020\/09\/20\/linke-melancholie\/\">Ein Mann gibt Auskunft<\/a>, Gedichte von Erich K\u00e4stner und \u00fcber <a href=\"http:\/\/www.editiondaslabor.de\/blog\/2020\/06\/07\/dichtermut\/\">zwei Gedichte von Friedrich H\u00f6lderlin<\/a>, sowie die <a href=\"http:\/\/www.editiondaslabor.de\/blog\/2020\/02\/09\/gebrauchslyrik-aber-nicht-so\/\">Gedichte, Lieder und Chansons<\/a> des Walter Mehring.<\/p>\r\n<header><\/header>\r\n<p style=\"text-align: justify;\">Poesie z\u00e4hlt f\u00fcr KUNO weiterhin zu den identit\u00e4ts- und identifikationstiftenden Elementen einer Kultur, dies bezeugte auch der Versuch einer <a href=\"http:\/\/www.editiondaslabor.de\/blog\/?p=25630\">poetologischen Positionsbestimmung<\/a>.<\/p>","protected":false},"excerpt":{"rendered":"<p>&nbsp; Ich bin im Bunde mit der alten Nacht Und wurde alt von ihr nicht unterschieden Hat Traurigkeit im Herzen ohne Frieden Die Herdstatt ihrer Schatten angefacht &nbsp; Was so entfernte Not zu Einer macht Die sonnenlose irdische hienieden Und&hellip;<\/p>\n<p class=\"more-link-p\"><a class=\"more-link\" href=\"http:\/\/www.editiondaslabor.de\/blog\/2024\/02\/21\/sonette-xiv\/\">Read more &rarr;<\/a><\/p>\n","protected":false},"author":72,"featured_media":98124,"comment_status":"closed","ping_status":"closed","sticky":false,"template":"","format":"standard","meta":{"footnotes":""},"categories":[1],"tags":[428],"class_list":["post-80804","post","type-post","status-publish","format-standard","has-post-thumbnail","hentry","category-literatur","tag-walter-benjamin"],"_links":{"self":[{"href":"http:\/\/www.editiondaslabor.de\/blog\/wp-json\/wp\/v2\/posts\/80804","targetHints":{"allow":["GET"]}}],"collection":[{"href":"http:\/\/www.editiondaslabor.de\/blog\/wp-json\/wp\/v2\/posts"}],"about":[{"href":"http:\/\/www.editiondaslabor.de\/blog\/wp-json\/wp\/v2\/types\/post"}],"author":[{"embeddable":true,"href":"http:\/\/www.editiondaslabor.de\/blog\/wp-json\/wp\/v2\/users\/72"}],"replies":[{"embeddable":true,"href":"http:\/\/www.editiondaslabor.de\/blog\/wp-json\/wp\/v2\/comments?post=80804"}],"version-history":[{"count":1,"href":"http:\/\/www.editiondaslabor.de\/blog\/wp-json\/wp\/v2\/posts\/80804\/revisions"}],"predecessor-version":[{"id":100007,"href":"http:\/\/www.editiondaslabor.de\/blog\/wp-json\/wp\/v2\/posts\/80804\/revisions\/100007"}],"wp:featuredmedia":[{"embeddable":true,"href":"http:\/\/www.editiondaslabor.de\/blog\/wp-json\/wp\/v2\/media\/98124"}],"wp:attachment":[{"href":"http:\/\/www.editiondaslabor.de\/blog\/wp-json\/wp\/v2\/media?parent=80804"}],"wp:term":[{"taxonomy":"category","embeddable":true,"href":"http:\/\/www.editiondaslabor.de\/blog\/wp-json\/wp\/v2\/categories?post=80804"},{"taxonomy":"post_tag","embeddable":true,"href":"http:\/\/www.editiondaslabor.de\/blog\/wp-json\/wp\/v2\/tags?post=80804"}],"curies":[{"name":"wp","href":"https:\/\/api.w.org\/{rel}","templated":true}]}}