{"id":80790,"date":"2017-08-07T00:01:48","date_gmt":"2017-08-06T22:01:48","guid":{"rendered":"http:\/\/www.editiondaslabor.de\/blog\/?p=80790"},"modified":"2021-03-29T16:13:25","modified_gmt":"2021-03-29T14:13:25","slug":"ueber-sprache-ueberhaupt-und-ueber-die-sprache-des-menschen-3","status":"publish","type":"post","link":"http:\/\/www.editiondaslabor.de\/blog\/2017\/08\/07\/ueber-sprache-ueberhaupt-und-ueber-die-sprache-des-menschen-3\/","title":{"rendered":"\u00dcber Sprache \u00fcberhaupt und \u00fcber die Sprache des Menschen"},"content":{"rendered":"<p>&nbsp;<\/p>\n<p>Jede Mitteilung geistiger Inhalte ist Sprache.<\/p>\n<p>&nbsp;<\/p>\n<p class=\"has-text-align-center\" style=\"text-align: center;\">***<\/p>\n<div class=\"wp-block-image\">\n<figure class=\"alignleft\"><a class=\"image-anchor\" href=\"http:\/\/www.editiondaslabor.de\/blog\/wp-admin\/media-upload.php?post_id=15724&amp;type=image&amp;TB_iframe=1\"><img decoding=\"async\" class=\"alignleft\" src=\"http:\/\/www.editiondaslabor.de\/blog\/wp-content\/uploads\/2013\/05\/220px-Walter_Benjamin_vers_1928.jpg\" alt=\"\" \/><\/a><\/figure>\n<\/div>\n<p style=\"text-align: justify;\">KUNO erinnert an Walter Benjamin ala einen undogmatischen Denker und l\u00e4\u00dft die Originalit\u00e4t und Einzigartigkeit seiner Gedanken aufscheinen.<\/p>\n<p><strong>Weiterf\u00fchrend\u00a0\u2192 <\/strong>ein Essay \u00fcber die neue Literaturgattung <a href=\"http:\/\/www.editiondaslabor.de\/blog\/?p=22423\"><em>Twitteratur<\/em><\/a>.<\/p>\n","protected":false},"excerpt":{"rendered":"<p>&nbsp; Jede Mitteilung geistiger Inhalte ist Sprache. &nbsp; *** KUNO erinnert an Walter Benjamin ala einen undogmatischen Denker und l\u00e4\u00dft die Originalit\u00e4t und Einzigartigkeit seiner Gedanken aufscheinen. Weiterf\u00fchrend\u00a0\u2192 ein Essay \u00fcber die neue Literaturgattung Twitteratur.<\/p>\n<p class=\"more-link-p\"><a class=\"more-link\" href=\"http:\/\/www.editiondaslabor.de\/blog\/2017\/08\/07\/ueber-sprache-ueberhaupt-und-ueber-die-sprache-des-menschen-3\/\">Read more &rarr;<\/a><\/p>\n","protected":false},"author":72,"featured_media":11330,"comment_status":"closed","ping_status":"closed","sticky":false,"template":"","format":"standard","meta":{"footnotes":""},"categories":[1],"tags":[428],"class_list":["post-80790","post","type-post","status-publish","format-standard","has-post-thumbnail","hentry","category-literatur","tag-walter-benjamin"],"_links":{"self":[{"href":"http:\/\/www.editiondaslabor.de\/blog\/wp-json\/wp\/v2\/posts\/80790","targetHints":{"allow":["GET"]}}],"collection":[{"href":"http:\/\/www.editiondaslabor.de\/blog\/wp-json\/wp\/v2\/posts"}],"about":[{"href":"http:\/\/www.editiondaslabor.de\/blog\/wp-json\/wp\/v2\/types\/post"}],"author":[{"embeddable":true,"href":"http:\/\/www.editiondaslabor.de\/blog\/wp-json\/wp\/v2\/users\/72"}],"replies":[{"embeddable":true,"href":"http:\/\/www.editiondaslabor.de\/blog\/wp-json\/wp\/v2\/comments?post=80790"}],"version-history":[{"count":0,"href":"http:\/\/www.editiondaslabor.de\/blog\/wp-json\/wp\/v2\/posts\/80790\/revisions"}],"wp:featuredmedia":[{"embeddable":true,"href":"http:\/\/www.editiondaslabor.de\/blog\/wp-json\/"}],"wp:attachment":[{"href":"http:\/\/www.editiondaslabor.de\/blog\/wp-json\/wp\/v2\/media?parent=80790"}],"wp:term":[{"taxonomy":"category","embeddable":true,"href":"http:\/\/www.editiondaslabor.de\/blog\/wp-json\/wp\/v2\/categories?post=80790"},{"taxonomy":"post_tag","embeddable":true,"href":"http:\/\/www.editiondaslabor.de\/blog\/wp-json\/wp\/v2\/tags?post=80790"}],"curies":[{"name":"wp","href":"https:\/\/api.w.org\/{rel}","templated":true}]}}