{"id":80750,"date":"2015-05-17T00:01:15","date_gmt":"2015-05-16T22:01:15","guid":{"rendered":"http:\/\/www.editiondaslabor.de\/blog\/?p=80750"},"modified":"2021-03-29T16:18:05","modified_gmt":"2021-03-29T14:18:05","slug":"sonette-v","status":"publish","type":"post","link":"http:\/\/www.editiondaslabor.de\/blog\/2015\/05\/17\/sonette-v\/","title":{"rendered":"Sonette &#8211; V"},"content":{"rendered":"<p>&nbsp;<\/p>\r\n<p>Du nie mehr klingende die in die Schw\u00fcle<\/p>\r\n<p>Der gr\u00fcnen H\u00e4nge tauend niederschlug<\/p>\r\n<p>In ihren Fl\u00fcgeln Windessingen trug<\/p>\r\n<p>Dich machte stumm der Engel der Gef\u00fchle<\/p>\r\n<p>&nbsp;<\/p>\r\n<p>O Stimme der mit seiner Hand erhub<\/p>\r\n<p>Dein Atmen in die ewig klare K\u00fchle<\/p>\r\n<p>Wo deine Quelle nun am selgen B\u00fchle<\/p>\r\n<p>Jubelnden Mut verstr\u00f6mt nach Gottes Fug<\/p>\r\n<p>&nbsp;<\/p>\r\n<p>Erwachet Vogelsang am grauen Morgen<\/p>\r\n<p>Und fragt nach der Geliebten Aufenthalt<\/p>\r\n<p>Er ahnt dich in dem stillen Licht geborgen<\/p>\r\n<p>&nbsp;<\/p>\r\n<p>Das jugendlich die Buchen \u00fcberwallt<\/p>\r\n<p>Bis Mittag wo dein Wort dereinst geweilt<\/p>\r\n<p>Den Leib der Stummen bricht den Stunden teilt.<\/p>\r\n<p>&nbsp;<\/p>\r\n<p>&nbsp;<\/p>\r\n<!-- \/wp:post-content -->\r\n\r\n<!-- wp:paragraph {\"align\":\"center\"} -->\r\n<p class=\"has-text-align-center\" style=\"text-align: center\">***<\/p>\r\n<!-- \/wp:paragraph -->\r\n\r\n<!-- wp:paragraph -->\r\n<p style=\"text-align: justify\"><a href=\"http:\/\/www.editiondaslabor.de\/blog\/wp-content\/uploads\/2013\/05\/220px-Walter_Benjamin_vers_1928.jpg\"><img loading=\"lazy\" decoding=\"async\" class=\"alignleft size-full wp-image-11330\" src=\"http:\/\/www.editiondaslabor.de\/blog\/wp-content\/uploads\/2013\/05\/220px-Walter_Benjamin_vers_1928.jpg\" alt=\"\" width=\"220\" height=\"264\" \/><\/a><strong>Weiterf\u00fchrend \u2192<\/strong> Essayistisch flanierte Walter Benjam mit <a href=\"http:\/\/www.editiondaslabor.de\/blog\/2020\/10\/05\/baudelaire-oder-die-strassen-von-paris\/\">Baudelaire durch die Stra\u00dfen von Paris<\/a>. Eine Rezension \u00fcber <a href=\"http:\/\/www.editiondaslabor.de\/blog\/2020\/09\/20\/linke-melancholie\/\">Ein Mann gibt Auskunft<\/a>, Gedichte von Erich K\u00e4stner und \u00fcber <a href=\"http:\/\/www.editiondaslabor.de\/blog\/2020\/06\/07\/dichtermut\/\">zwei Gedichte von Friedrich H\u00f6lderlin<\/a>, sowie die <a href=\"http:\/\/www.editiondaslabor.de\/blog\/2020\/02\/09\/gebrauchslyrik-aber-nicht-so\/\">Gedichte, Lieder und Chansons<\/a> des Walter Mehring.<\/p>\r\n<header><\/header>\r\n<p style=\"text-align: justify\">Poesie z\u00e4hlt f\u00fcr KUNO weiterhin zu den identit\u00e4ts- und identifikationstiftenden Elementen einer Kultur, dies bezeugte auch der Versuch einer <a href=\"http:\/\/www.editiondaslabor.de\/blog\/?p=25630\">poetologischen Positionsbestimmung<\/a>.<\/p>","protected":false},"excerpt":{"rendered":"<p>&nbsp; Du nie mehr klingende die in die Schw\u00fcle Der gr\u00fcnen H\u00e4nge tauend niederschlug In ihren Fl\u00fcgeln Windessingen trug Dich machte stumm der Engel der Gef\u00fchle &nbsp; O Stimme der mit seiner Hand erhub Dein Atmen in die ewig klare&hellip;<\/p>\n<p class=\"more-link-p\"><a class=\"more-link\" href=\"http:\/\/www.editiondaslabor.de\/blog\/2015\/05\/17\/sonette-v\/\">Read more &rarr;<\/a><\/p>\n","protected":false},"author":72,"featured_media":11330,"comment_status":"closed","ping_status":"closed","sticky":false,"template":"","format":"standard","meta":{"footnotes":""},"categories":[1],"tags":[428],"class_list":["post-80750","post","type-post","status-publish","format-standard","has-post-thumbnail","hentry","category-literatur","tag-walter-benjamin"],"_links":{"self":[{"href":"http:\/\/www.editiondaslabor.de\/blog\/wp-json\/wp\/v2\/posts\/80750","targetHints":{"allow":["GET"]}}],"collection":[{"href":"http:\/\/www.editiondaslabor.de\/blog\/wp-json\/wp\/v2\/posts"}],"about":[{"href":"http:\/\/www.editiondaslabor.de\/blog\/wp-json\/wp\/v2\/types\/post"}],"author":[{"embeddable":true,"href":"http:\/\/www.editiondaslabor.de\/blog\/wp-json\/wp\/v2\/users\/72"}],"replies":[{"embeddable":true,"href":"http:\/\/www.editiondaslabor.de\/blog\/wp-json\/wp\/v2\/comments?post=80750"}],"version-history":[{"count":0,"href":"http:\/\/www.editiondaslabor.de\/blog\/wp-json\/wp\/v2\/posts\/80750\/revisions"}],"wp:featuredmedia":[{"embeddable":true,"href":"http:\/\/www.editiondaslabor.de\/blog\/wp-json\/"}],"wp:attachment":[{"href":"http:\/\/www.editiondaslabor.de\/blog\/wp-json\/wp\/v2\/media?parent=80750"}],"wp:term":[{"taxonomy":"category","embeddable":true,"href":"http:\/\/www.editiondaslabor.de\/blog\/wp-json\/wp\/v2\/categories?post=80750"},{"taxonomy":"post_tag","embeddable":true,"href":"http:\/\/www.editiondaslabor.de\/blog\/wp-json\/wp\/v2\/tags?post=80750"}],"curies":[{"name":"wp","href":"https:\/\/api.w.org\/{rel}","templated":true}]}}