{"id":80739,"date":"2015-03-17T00:01:48","date_gmt":"2015-03-16T23:01:48","guid":{"rendered":"http:\/\/www.editiondaslabor.de\/blog\/?p=80739"},"modified":"2021-03-29T16:17:23","modified_gmt":"2021-03-29T14:17:23","slug":"sonette-iii","status":"publish","type":"post","link":"http:\/\/www.editiondaslabor.de\/blog\/2015\/03\/17\/sonette-iii\/","title":{"rendered":"Sonette &#8211; III"},"content":{"rendered":"<p>&nbsp;<\/p>\r\n<p>Du selige Geburt wie tief verschwiegen<\/p>\r\n<p>Entstieg ich ihm und war zur Stund bestimmt<\/p>\r\n<p>Zu sein wie Nacht die ihm im Auge glimmt<\/p>\r\n<p>Dem Leisesten auf weiten Himmelsstiegen<\/p>\r\n<p>&nbsp;<\/p>\r\n<p>Der Strahl zu sein den er im Blick vernimmt<\/p>\r\n<p>An welchem gl\u00fccklich Ungeborne liegen<\/p>\r\n<p>Mich inniger der Wange anzuschmiegen<\/p>\r\n<p>Die im Azur als gl\u00fche Wolke schwimmt<\/p>\r\n<p>&nbsp;<\/p>\r\n<p>Geschrieben stand da\u00df nimmer sich beschwinge<\/p>\r\n<p>Mein Mund wenn nicht in seinem Lied er stiege<\/p>\r\n<p>Mein Haupt war nur ein letztes in dem Ringe<\/p>\r\n<p>&nbsp;<\/p>\r\n<p>Der lodernd s\u00e4umte mit Gebet die Wiege<\/p>\r\n<p>Wie ist geschehen da\u00df er mir entschwand<\/p>\r\n<p>F\u00fchrt meinen jungen Tod auf seiner Hand.<\/p>\r\n<p>&nbsp;<\/p>\r\n<p>&nbsp;<\/p>\r\n<!-- \/wp:post-content -->\r\n\r\n<!-- wp:paragraph {\"align\":\"center\"} -->\r\n<p class=\"has-text-align-center\" style=\"text-align: center\">***<\/p>\r\n<!-- \/wp:paragraph -->\r\n\r\n<!-- wp:paragraph -->\r\n<p style=\"text-align: justify\"><a href=\"http:\/\/www.editiondaslabor.de\/blog\/wp-content\/uploads\/2013\/05\/220px-Walter_Benjamin_vers_1928.jpg\"><img loading=\"lazy\" decoding=\"async\" class=\"alignleft size-full wp-image-11330\" src=\"http:\/\/www.editiondaslabor.de\/blog\/wp-content\/uploads\/2013\/05\/220px-Walter_Benjamin_vers_1928.jpg\" alt=\"\" width=\"220\" height=\"264\" \/><\/a><strong>Weiterf\u00fchrend \u2192<\/strong> Essayistisch flanierte Walter Benjam mit <a href=\"http:\/\/www.editiondaslabor.de\/blog\/2020\/10\/05\/baudelaire-oder-die-strassen-von-paris\/\">Baudelaire durch die Stra\u00dfen von Paris<\/a>. Eine Rezension \u00fcber <a href=\"http:\/\/www.editiondaslabor.de\/blog\/2020\/09\/20\/linke-melancholie\/\">Ein Mann gibt Auskunft<\/a>, Gedichte von Erich K\u00e4stner und \u00fcber <a href=\"http:\/\/www.editiondaslabor.de\/blog\/2020\/06\/07\/dichtermut\/\">zwei Gedichte von Friedrich H\u00f6lderlin<\/a>, sowie die <a href=\"http:\/\/www.editiondaslabor.de\/blog\/2020\/02\/09\/gebrauchslyrik-aber-nicht-so\/\">Gedichte, Lieder und Chansons<\/a> des Walter Mehring.<\/p>\r\n<header><\/header>\r\n<p style=\"text-align: justify\">Poesie z\u00e4hlt f\u00fcr KUNO weiterhin zu den identit\u00e4ts- und identifikationstiftenden Elementen einer Kultur, dies bezeugte auch der Versuch einer <a href=\"http:\/\/www.editiondaslabor.de\/blog\/?p=25630\">poetologischen Positionsbestimmung<\/a>.<\/p>","protected":false},"excerpt":{"rendered":"<p>&nbsp; Du selige Geburt wie tief verschwiegen Entstieg ich ihm und war zur Stund bestimmt Zu sein wie Nacht die ihm im Auge glimmt Dem Leisesten auf weiten Himmelsstiegen &nbsp; Der Strahl zu sein den er im Blick vernimmt An&hellip;<\/p>\n<p class=\"more-link-p\"><a class=\"more-link\" href=\"http:\/\/www.editiondaslabor.de\/blog\/2015\/03\/17\/sonette-iii\/\">Read more &rarr;<\/a><\/p>\n","protected":false},"author":72,"featured_media":11330,"comment_status":"closed","ping_status":"closed","sticky":false,"template":"","format":"standard","meta":{"footnotes":""},"categories":[1],"tags":[428],"class_list":["post-80739","post","type-post","status-publish","format-standard","has-post-thumbnail","hentry","category-literatur","tag-walter-benjamin"],"_links":{"self":[{"href":"http:\/\/www.editiondaslabor.de\/blog\/wp-json\/wp\/v2\/posts\/80739","targetHints":{"allow":["GET"]}}],"collection":[{"href":"http:\/\/www.editiondaslabor.de\/blog\/wp-json\/wp\/v2\/posts"}],"about":[{"href":"http:\/\/www.editiondaslabor.de\/blog\/wp-json\/wp\/v2\/types\/post"}],"author":[{"embeddable":true,"href":"http:\/\/www.editiondaslabor.de\/blog\/wp-json\/wp\/v2\/users\/72"}],"replies":[{"embeddable":true,"href":"http:\/\/www.editiondaslabor.de\/blog\/wp-json\/wp\/v2\/comments?post=80739"}],"version-history":[{"count":0,"href":"http:\/\/www.editiondaslabor.de\/blog\/wp-json\/wp\/v2\/posts\/80739\/revisions"}],"wp:featuredmedia":[{"embeddable":true,"href":"http:\/\/www.editiondaslabor.de\/blog\/wp-json\/"}],"wp:attachment":[{"href":"http:\/\/www.editiondaslabor.de\/blog\/wp-json\/wp\/v2\/media?parent=80739"}],"wp:term":[{"taxonomy":"category","embeddable":true,"href":"http:\/\/www.editiondaslabor.de\/blog\/wp-json\/wp\/v2\/categories?post=80739"},{"taxonomy":"post_tag","embeddable":true,"href":"http:\/\/www.editiondaslabor.de\/blog\/wp-json\/wp\/v2\/tags?post=80739"}],"curies":[{"name":"wp","href":"https:\/\/api.w.org\/{rel}","templated":true}]}}