{"id":80314,"date":"2023-10-12T00:01:15","date_gmt":"2023-10-11T22:01:15","guid":{"rendered":"http:\/\/www.editiondaslabor.de\/blog\/?p=80314"},"modified":"2023-07-28T18:53:20","modified_gmt":"2023-07-28T16:53:20","slug":"gezeitengespraech-10","status":"publish","type":"post","link":"http:\/\/www.editiondaslabor.de\/blog\/2023\/10\/12\/gezeitengespraech-10\/","title":{"rendered":"Gezeitengespr\u00e4ch 10"},"content":{"rendered":"<p style=\"text-align: justify;\"><span style=\"color: #999999;\">Vorbemerkung der Redaktion:<\/span> In diesem Jahr machen wir das vergriffene <em>Gezeitengespr\u00e4ch<\/em> von Haimo Hieronymus und Karl Hosse auf KUNO recherchierbar.<\/p>\n<p style=\"text-align: justify;\"><strong><em>\u00a0<\/em><\/strong><\/p>\n<p style=\"text-align: justify;\"><strong><em>Zeitfern:\u00a0<\/em><\/strong>Fragen wollen wir beantworten. Ja. Nicht jetzt. Da dr\u00e4ngen andere \u201eSachen\u201c. Heute ein Gespr\u00e4ch gehabt mit einem gesch\u00e4tzten Menschen. Sie hat vor Wochen ihren Mann verloren. Tot. Ja. Pl\u00f6tzlich ist alles anders. Kein Arm in der Nacht. Keine Worte mehr. Kein wehendes Nachtlicht. Wir mittendrin in der Erinnerung. Die Zeichen auf ihrem Gesicht: Keine Blume oder Taube. Erinnerungen der Winde. Alles kehrt wieder. \u201eDer Tod f\u00e4nde sich reiner zurecht\u201c, sagt Rilke. Wir sezieren das Leben. Alles ist Vergangenheit. Alles beginnt jetzt neu. Sch\u00f6n gesagt. Der Kopf will nicht. Vergiss, vergiss es und stehle dich fort. Doch das Schwarz ist in den Ohren: \u201eDer Sterbetag\u201c. Das Dunkle gebe ich dir. Sein feinster Fl\u00fcgel: Ist Atmen, ist Rede, sind W\u00f6rter. Erinnerung &#8212;gleich Ger\u00e4usch, sagt Satorius. Wie soll man so viele Jahre in drei Stunden besprechen? Doch die Zeit danach ist lang. Und nach vielen W\u00f6rtern singt die Geige wieder. Mein lieber Zeitnah, bin etwas traurig. Doch eine Frage w\u00e4re beantwortet von dir: Warum k\u00f6nnen wir uns freuen? Es gibt nur diese Antwort im Kontrast.<\/p>\n<p style=\"text-align: justify;\"><strong><em>Zeitnah (hiesig):\u00a0<\/em><\/strong>Einfach gesagt, k\u00f6nnte ich jetzt schlie\u00dfen, hier an dieser Stelle einen Schlussstrich ziehen, weil sich aus deiner Betrachtung ein Rekurs auf den Anfang unseres Gespr\u00e4ches einfach herstellen lie\u00dfe. Die Betrachtung der Vergangenheit, jene Beton- und Strohrollen, auf denen wir hin- und her gesprungen sind. Ganz selbstverliebt und der Gefahren nicht bewusst, die uns das Leben, die Jahrzehnte, die bekannt- und Liebschaften bringen sollte. Aber das w\u00e4re wohl nur ein billiger Trick. Schnell einen Rahmen setzen, damit alles eine Wohlordnung hat: Ja sicher, das w\u00e4re m\u00f6glich, und du, mein Lieber, wirst das wohl einkalkuliert haben. Aber dann drehst du diese in sich kreisende Sehnsuchtsmusik auf, die nach Bildern verlangt und ich sehe, wir sind lange nicht am Ende. Tod. Ja, auch damit k\u00f6nnen wir leben, denn \u201eEs sterben immer nur die anderen.\u201c (Montaigne) Und wir haben die Aufgabe, die Erinnerung nicht der Geschichte preiszugeben, sondern Schl\u00fcsse zu ziehen und diese weiter zu reichen. Es gibt keine Antwort, da es keine Frage gibt, da bei\u00dft sich der Hund oder die Katze, die verteufelte Schlange in den Schwanz. Was wir n\u00e4mlich immer noch nicht verstehen, das Leben an sich.<\/p>\n<p style=\"text-align: justify;\"><strong><em>Zeitfern:\u00a0<\/em><\/strong>Doch so wollen \u201ewir\u201c nicht enden in unserem Gespr\u00e4ch. Diese vielen Varianten im Leben, sch\u00f6n, h\u00e4sslich, da kann ich die Wellen wahrnehmen. Deine Frage. Gibt es ein Flattern der Wellen? Im Zwinkern der Augen ja. Doch die Schatten sind gespr\u00e4chiger. Das Licht hat andere W\u00f6rter. Einen blauen Glanz. K\u00fchle im Blinzeln am Strand. Urlaub, ich laufe in das Wasser, bewundere die Fu\u00dfspuren. In den Bergen ist das anders. Man muss genau hinsehen auf den Wegen. Da ist dieser glatte Felsstein. Geschliffen von vielen, ganz vielen Schuhen. Man wei\u00df: Hier sind Menschen gelaufen. Nach oben. Der Rest vor dem Himmel.<\/p>\n<p style=\"text-align: justify;\"><strong><em>Zeitnah (m\u00f6glich):\u00a0<\/em><\/strong>Ja, die ber\u00fchmten Spuren im Sand. Das Wasser wird dar\u00fcber hinwegziehen, den Strand gl\u00e4tten. Konnte dieser Faszination nie erliegen. Die salzige Luft roch immer nach toten Fischen und Krabben, nach sterbenden Muscheln und angesp\u00fclten Algen. Oben in den Bergen kann ich atmen, befreit. Fu\u00dfspuren? Selten mal zu sehen und barfu\u00df geht meist nicht. Aber diese stets bewusste Achtung vor jedem Stein, der nicht noch weiterrutschen soll. Spiegel meiner selbst.<\/p>\n<p style=\"text-align: justify;\"><strong><em>Zeitfern:\u00a0<\/em><\/strong>Wenn du der Stein bist, bin ich der Sand und davon ein kleines K\u00f6rnchen. Wir haben uns auf vielen Ebenen erz\u00e4hlt und geantwortet. Viele Wenige machen ein Viel. Da stehen wir nun mit unseren W\u00f6rtern. Zwischen uns der Fluss. Du auf der anderen Seite. Und wir fragen uns gegenseitig, leicht heiter, sp\u00f6ttisch fast: Wie bist du da gelandet?<\/p>\n<p style=\"text-align: justify;\"><strong><em>Zeitnah:\u00a0<\/em><\/strong>Wohl letztlich als Sand im Getriebe.<\/p>\n<p>&nbsp;<\/p>\n<p>&nbsp;<\/p>\n<p style=\"text-align: center;\">***<\/p>\n<p style=\"text-align: justify;\"><strong>Gezeitengespr\u00e4ch<\/strong> von Haimo Hieronymus und Karl Hosse in der Edition Das Labor, Neheim 2014<\/p>\n<p style=\"text-align: justify;\"><strong><a href=\"http:\/\/www.editiondaslabor.de\/blog\/wp-content\/uploads\/2023\/01\/Skizzenbuch.jpg\"><img loading=\"lazy\" decoding=\"async\" class=\"size-medium wp-image-80267 alignleft\" src=\"http:\/\/www.editiondaslabor.de\/blog\/wp-content\/uploads\/2023\/01\/Skizzenbuch-225x300.jpg\" alt=\"\" width=\"225\" height=\"300\" srcset=\"http:\/\/www.editiondaslabor.de\/blog\/wp-content\/uploads\/2023\/01\/Skizzenbuch-225x300.jpg 225w, http:\/\/www.editiondaslabor.de\/blog\/wp-content\/uploads\/2023\/01\/Skizzenbuch-260x347.jpg 260w, http:\/\/www.editiondaslabor.de\/blog\/wp-content\/uploads\/2023\/01\/Skizzenbuch-160x213.jpg 160w, http:\/\/www.editiondaslabor.de\/blog\/wp-content\/uploads\/2023\/01\/Skizzenbuch.jpg 440w\" sizes=\"auto, (max-width: 225px) 100vw, 225px\" \/><\/a><\/strong><\/p>\n<p style=\"text-align: justify;\"><strong>Weiterf\u00fchrend <\/strong><strong>\u2192<\/strong><\/p>\n<p style=\"text-align: justify;\">Eine Einf\u00fchrung zum Projekt <em>Gezeitengespr\u00e4ch<\/em> findet sich <a href=\"http:\/\/www.editiondaslabor.de\/blog\/2014\/12\/17\/gezeitengespraech\/\">hier<\/a>. Zum Thema K\u00fcnstlerb\u00fccher finden Sie hier einen <a href=\"http:\/\/www.editiondaslabor.de\/blog\/?p=12840\">Essay<\/a> sowie ein <a href=\"http:\/\/www.editiondaslabor.de\/blog\/?p=834\">Artikel<\/a> von J.C. Albers. Vertiefend auch das <a href=\"http:\/\/www.editiondaslabor.de\/blog\/?p=21407\">Kollegengespr\u00e4ch<\/a> mit Haimo Hieronymus \u00fcber Material, Medium und Faszination des Werkstoffs Papier. K\u00fcnstlerb\u00fccher verstehen diese Artisten als Physiognomik, der B\u00fcchersammler wird somit zum Physiognomiker der Dingwelt. Die bibliophilen Kostbarkeiten sind erh\u00e4ltlich \u00fcber die Werkstattgalerie Der Bogen, Tel. 0173 7276421<\/p>\n","protected":false},"excerpt":{"rendered":"<p>Vorbemerkung der Redaktion: In diesem Jahr machen wir das vergriffene Gezeitengespr\u00e4ch von Haimo Hieronymus und Karl Hosse auf KUNO recherchierbar. \u00a0 Zeitfern:\u00a0Fragen wollen wir beantworten. Ja. Nicht jetzt. Da dr\u00e4ngen andere \u201eSachen\u201c. Heute ein Gespr\u00e4ch gehabt mit einem gesch\u00e4tzten Menschen.&hellip;<\/p>\n<p class=\"more-link-p\"><a class=\"more-link\" href=\"http:\/\/www.editiondaslabor.de\/blog\/2023\/10\/12\/gezeitengespraech-10\/\">Read more &rarr;<\/a><\/p>\n","protected":false},"author":218,"featured_media":100402,"comment_status":"closed","ping_status":"closed","sticky":false,"template":"","format":"standard","meta":{"footnotes":""},"categories":[1],"tags":[44,961],"class_list":["post-80314","post","type-post","status-publish","format-standard","has-post-thumbnail","hentry","category-literatur","tag-haimo-hieronymus","tag-karl-hosse"],"_links":{"self":[{"href":"http:\/\/www.editiondaslabor.de\/blog\/wp-json\/wp\/v2\/posts\/80314","targetHints":{"allow":["GET"]}}],"collection":[{"href":"http:\/\/www.editiondaslabor.de\/blog\/wp-json\/wp\/v2\/posts"}],"about":[{"href":"http:\/\/www.editiondaslabor.de\/blog\/wp-json\/wp\/v2\/types\/post"}],"author":[{"embeddable":true,"href":"http:\/\/www.editiondaslabor.de\/blog\/wp-json\/wp\/v2\/users\/218"}],"replies":[{"embeddable":true,"href":"http:\/\/www.editiondaslabor.de\/blog\/wp-json\/wp\/v2\/comments?post=80314"}],"version-history":[{"count":2,"href":"http:\/\/www.editiondaslabor.de\/blog\/wp-json\/wp\/v2\/posts\/80314\/revisions"}],"predecessor-version":[{"id":104890,"href":"http:\/\/www.editiondaslabor.de\/blog\/wp-json\/wp\/v2\/posts\/80314\/revisions\/104890"}],"wp:featuredmedia":[{"embeddable":true,"href":"http:\/\/www.editiondaslabor.de\/blog\/wp-json\/wp\/v2\/media\/100402"}],"wp:attachment":[{"href":"http:\/\/www.editiondaslabor.de\/blog\/wp-json\/wp\/v2\/media?parent=80314"}],"wp:term":[{"taxonomy":"category","embeddable":true,"href":"http:\/\/www.editiondaslabor.de\/blog\/wp-json\/wp\/v2\/categories?post=80314"},{"taxonomy":"post_tag","embeddable":true,"href":"http:\/\/www.editiondaslabor.de\/blog\/wp-json\/wp\/v2\/tags?post=80314"}],"curies":[{"name":"wp","href":"https:\/\/api.w.org\/{rel}","templated":true}]}}