{"id":79853,"date":"2022-09-06T00:01:02","date_gmt":"2022-09-05T22:01:02","guid":{"rendered":"http:\/\/www.editiondaslabor.de\/blog\/?p=79853"},"modified":"2022-09-06T05:24:38","modified_gmt":"2022-09-06T03:24:38","slug":"der-baron-bagge","status":"publish","type":"post","link":"http:\/\/www.editiondaslabor.de\/blog\/2022\/09\/06\/der-baron-bagge\/","title":{"rendered":"Der Baron Bagge"},"content":{"rendered":"<p style=\"text-align: right;\"><span style=\"color: #999999;\">Inmitten der vielfachen \u00c4rgernisse, mit denen die Zeit mich beschenkt, muss ich einer seltenen Freude besonders gedenken. Ihr \u201eBaron Bagge\u201c ist ein Meisterwerk! Wie hier Traum und Wirklichkeit randlos ineinandergleiten und eine Sph\u00e4re vision\u00e4rer Helligkeit geschaffen ist, eine aus Fieber und erregtem Blut bildnerisch gef\u00e4rbte F\u00fclle, das ist gerade zu magisch. [\u2026] wirklich, Sie haben diese Novelle, diese unvergessbare, im Zustand der Gnade geschrieben.<\/span><\/p>\n<p style=\"text-align: right;\"><span style=\"color: #999999;\">Stefan Zweig<\/span><\/p>\n<p style=\"text-align: justify;\">Das unmerkliche Hineingleiten in den Traumzustand, obwohl vorher ausdr\u00fccklich angek\u00fcndigt, sowie die \u00fcberraschende Umkehr durch die Enth\u00fcllung des Traumzustandes, welche vom Leser am Schluss eine Neuinterpretation des eben Gelesenen erfordert, erheben Baron Bagge zu einem erz\u00e4hlerischen Konstrukt von klassischer dramatischer Handlung. John Cheever hat in seiner 1964 erschienenen Kurzgeschichte <em>Der Schwimmer<\/em>, 1968 als <em>The Swimmer<\/em> mit Burt Lancaster verfilmt, eine \u00e4hnliche Grundstimmung aufgegriffen. Vom Aufbau her ist der <em>Baron Bagge<\/em> auch mit der Kurzgeschichte <em>An Occurrence at Owl Creek Bridge<\/em> von Ambrose Bierce vergleichbar, die im amerikanischen B\u00fcrgerkrieg spielt. Marcel Reich-Ranicki lobte Lernets Buch ebenfalls und meinte, es sei eine literarische Leistung, \u201eder in deutscher Literatur dieser Zeit wenig zur Seite zu stellen ist\u201c. Roman Rocek schrieb \u00fcber den Baron Bagge: \u201eVon den meisten Kritikern als ein Gipfel der Erz\u00e4hlkunst der Jahre zwischen den beiden Weltkriegen gepriesen, ist im \u201eBaron Bagge\u201c unverkennbar die n\u00fcchterne Erz\u00e4hlhaltung Kleists mit einem emotionell stark aufgeladenen Traumgeschehen zu \u00fcbersinnlicher Realit\u00e4t verschmolzen.\u201c<\/p>\n<p>&nbsp;<\/p>\n<p>&nbsp;<\/p>\n<p style=\"text-align: center;\"><strong>\u00a0***<\/strong><\/p>\n<p style=\"text-align: justify;\"><strong>Der Baron Bagge<\/strong> ist eine Novelle von Alexander Lernet-Holenia, die im Jahr 1936 im S. Fischer Verlag erstmals ver\u00f6ffentlicht wurde. Sie gilt als eines der wichtigsten Werke des Autors und als Hauptwerk der phantastischen Literatur in \u00d6sterreich.<\/p>\n<div id=\"attachment_100084\" style=\"width: 310px\" class=\"wp-caption alignright\"><img loading=\"lazy\" decoding=\"async\" aria-describedby=\"caption-attachment-100084\" class=\"wp-image-100084 size-medium\" src=\"http:\/\/www.editiondaslabor.de\/blog\/wp-content\/uploads\/2022\/04\/Falke-300x284.jpg\" alt=\"\" width=\"300\" height=\"284\" \/><p id=\"caption-attachment-100084\" class=\"wp-caption-text\">Photo: Ph. Oelwein<\/p><\/div>\n<p style=\"text-align: justify;\"><strong>Weiterf\u00fchrend <\/strong><strong>\u2192<\/strong><\/p>\n<p style=\"text-align: justify;\">In 2022 widmet sich KUNO der\u00a0<a href=\"http:\/\/www.editiondaslabor.de\/blog\/?p=19652\">Kunstform<\/a>\u00a0Novelle. Diese Gattung lebt von der Schilderung der Realit\u00e4t im Bruchst\u00fcck. Dieser Ausschnitt verzichtet bewu\u00dft auf die Breite des Epischen, es gen\u00fcgten dem Novellisten ein Modell, eine Miniatur oder eine Vignette. Wir gehen davon aus, da\u00df es sich bei dieser literarischen Kunstform um eine k\u00fcrzere Erz\u00e4hlung in Prosaform handelt, sie hat eine mittlere L\u00e4nge, was sich darin zeigt, da\u00df sie in einem Zug zu lesen sei. Und schon kommen wir ins Schwimmen. Als Gattung l\u00e4\u00dft sie sich nur schwer definieren und oft nur ex negativo von anderen Textsorten abgrenzen. KUNO postuliert, da\u00df viele dieser Nebenarbeiten bedeutende Hauptwerke der deutschsprachigen Literatur sind, wir belegen diese mit dem R\u00fcckgriff auf die Klassiker dieses Genres und stellen in diesem Jahr alte und neue Texte vor um die Entwicklung der Gattung aufzuhellen.<\/p>\n","protected":false},"excerpt":{"rendered":"<p>Inmitten der vielfachen \u00c4rgernisse, mit denen die Zeit mich beschenkt, muss ich einer seltenen Freude besonders gedenken. Ihr \u201eBaron Bagge\u201c ist ein Meisterwerk! Wie hier Traum und Wirklichkeit randlos ineinandergleiten und eine Sph\u00e4re vision\u00e4rer Helligkeit geschaffen ist, eine aus Fieber&hellip;<\/p>\n<p class=\"more-link-p\"><a class=\"more-link\" href=\"http:\/\/www.editiondaslabor.de\/blog\/2022\/09\/06\/der-baron-bagge\/\">Read more &rarr;<\/a><\/p>\n","protected":false},"author":2,"featured_media":100084,"comment_status":"closed","ping_status":"closed","sticky":false,"template":"","format":"standard","meta":{"footnotes":""},"categories":[1],"tags":[2863],"class_list":["post-79853","post","type-post","status-publish","format-standard","has-post-thumbnail","hentry","category-literatur","tag-alexander-lernet-holenia"],"_links":{"self":[{"href":"http:\/\/www.editiondaslabor.de\/blog\/wp-json\/wp\/v2\/posts\/79853","targetHints":{"allow":["GET"]}}],"collection":[{"href":"http:\/\/www.editiondaslabor.de\/blog\/wp-json\/wp\/v2\/posts"}],"about":[{"href":"http:\/\/www.editiondaslabor.de\/blog\/wp-json\/wp\/v2\/types\/post"}],"author":[{"embeddable":true,"href":"http:\/\/www.editiondaslabor.de\/blog\/wp-json\/wp\/v2\/users\/2"}],"replies":[{"embeddable":true,"href":"http:\/\/www.editiondaslabor.de\/blog\/wp-json\/wp\/v2\/comments?post=79853"}],"version-history":[{"count":2,"href":"http:\/\/www.editiondaslabor.de\/blog\/wp-json\/wp\/v2\/posts\/79853\/revisions"}],"predecessor-version":[{"id":103998,"href":"http:\/\/www.editiondaslabor.de\/blog\/wp-json\/wp\/v2\/posts\/79853\/revisions\/103998"}],"wp:featuredmedia":[{"embeddable":true,"href":"http:\/\/www.editiondaslabor.de\/blog\/wp-json\/wp\/v2\/media\/100084"}],"wp:attachment":[{"href":"http:\/\/www.editiondaslabor.de\/blog\/wp-json\/wp\/v2\/media?parent=79853"}],"wp:term":[{"taxonomy":"category","embeddable":true,"href":"http:\/\/www.editiondaslabor.de\/blog\/wp-json\/wp\/v2\/categories?post=79853"},{"taxonomy":"post_tag","embeddable":true,"href":"http:\/\/www.editiondaslabor.de\/blog\/wp-json\/wp\/v2\/tags?post=79853"}],"curies":[{"name":"wp","href":"https:\/\/api.w.org\/{rel}","templated":true}]}}