{"id":78994,"date":"2022-06-19T00:01:38","date_gmt":"2022-06-18T22:01:38","guid":{"rendered":"http:\/\/www.editiondaslabor.de\/blog\/?p=78994"},"modified":"2022-06-19T04:36:07","modified_gmt":"2022-06-19T02:36:07","slug":"die-angst-vor-dem-tod-ist-das-schlimmste","status":"publish","type":"post","link":"http:\/\/www.editiondaslabor.de\/blog\/2022\/06\/19\/die-angst-vor-dem-tod-ist-das-schlimmste\/","title":{"rendered":"Die Angst vor dem Tod ist das Schlimmste"},"content":{"rendered":"<p style=\"text-align: justify;\">\u00a0<\/p>\r\n<p style=\"text-align: justify;\">Der Tod griff mich erst an, als ich Jahre sp\u00e4ter Grandm\u00e8re Louise verlor. Sie glaubte an die Sprache in den Psalmen und <em>Faust<\/em>, aber nicht an Gott. Der lie\u00df sie fallen, als sie beim \u00dcberqueren der Allee in der Abendd\u00e4mmerung zwischen den starken St\u00e4mmen der Platanen auf die Stra\u00dfe in die Scheinwerfer lief.<\/p>\r\n<p style=\"text-align: justify;\">Die Wahrheit ist das Schrecklichste.<\/p>\r\n<p style=\"text-align: justify;\">Jedenfalls war mir mit einem Schlage klar, in welcher Lage ich mich befand. Ich gab in Paris das Abfindungsgeld aus, das ich beim Abschied von der Bundeswehr erhalten hatte. Ich, Hauptgefreiter Janus Rippe, diente zwei Jahre freiwillig in der Luftwaffe. Die Adresse des Fliegerhorsts in Leipheim bei Ulm wies ironisch in die Zukunft: Sch\u00f6ne Aussicht 22. Als ich Ende Juni entlassen wurde, ging ich zu Grandm\u00e8re Louise in Bonn, die brachte mich bei der Gr\u00e4fin, einer alten Freundin unserer Familie, in Bad Godesberg unter. Das Haus Westfalia stand in der Hochkreuzallee neben dem R\u00fcbenacher Bauernhof, der zum Wohnhaus umgebaut war. Am Haus rankte soviel wilder Wein, dass man meinen konnte, Dornr\u00f6schen lebe hier.<\/p>\r\n<p style=\"text-align: justify;\">Weder glaubte ich an Gott noch hielt ich mich selbst f\u00fcr einen Gott, auch wenn meine Selbst\u00fcbersch\u00e4tzung ma\u00dflos war. Vor meiner Abreise nach Paris sagte Erikson, der im Parterre wohnte, wir diskutierten \u00fcber Wirtschaftspolitik, ich sprach von Kasinokapitalismus: \u201eMachen Sie erst einmal Abitur, bevor Sie hier so schlau \u00fcber Politik reden!\u201c<\/p>\r\n<p style=\"text-align: justify;\">Die beiden stummen Frauen meines Traums, Grandm\u00e8re Louise und die Gr\u00e4fin, erschienen alterslos. Sie sagten nichts, denn sie konnten mir nicht helfen, weil ich selbst nicht wusste, wie ich mich retten sollte. Das steinerne Tischtuch sagte mir, du musst deinen Tisch selber decken. Aus der dunklen Kammer ging ich wie durch meine Nabelschnur. Die Jungen, die auf mich einredeten, verstand ich nicht, ich geh\u00f6rte nicht mehr zu ihnen, ich hatte mein Elternhaus verlassen, in dem der Steintisch mit den leeren St\u00fchlen stand, ich war herausgefallen aus meiner Kindheit, die ich immer noch mit mir trug wie in der Zeit des Milit\u00e4rdienstes, wo mein Tisch gedeckt war, mein sicheres Bett stand, eine feste Struktur mich zusammenhielt &#8230; Ich versuchte mir die apokalyptische F\u00e4rbung des Himmels zu erkl\u00e4ren, die sich \u00fcber mir w\u00f6lbte, als ich den Palast verlie\u00df und ins Freie trat. Da waren Stra\u00dfen, H\u00e4user und Felder, da war kein Labyrinth, in das ich nun geriet, als ich das Haus verlie\u00df und meinen Weg suchte.<\/p>\r\n<p>&nbsp;<\/p>\r\n<p style=\"text-align: justify;\">\u00a0<\/p>\r\n<p class=\"has-text-align-center\" style=\"text-align: center;\">***<\/p>\r\n<p style=\"text-align: justify;\"><!-- \/wp:post-content -->\r\n\r\n<!-- wp:paragraph --><\/p>\r\n<p style=\"text-align: justify;\"><strong>Gionos L\u00e4cheln<\/strong>, ein Fortsetzungsroman von Ulrich Bergmann, KUNO 2022<\/p>\r\n<p style=\"text-align: justify;\"><!-- \/wp:paragraph -->\r\n\r\n<!-- wp:image {\"align\":\"left\",\"id\":62118,\"width\":171,\"height\":250,\"sizeSlug\":\"large\"} --><\/p>\r\n<div class=\"wp-block-image\" style=\"text-align: justify;\">\r\n<figure class=\"alignleft size-large is-resized\"><img loading=\"lazy\" decoding=\"async\" class=\"wp-image-62118\" src=\"http:\/\/www.editiondaslabor.de\/blog\/wp-content\/uploads\/2020\/03\/image-6.jpeg\" alt=\"\" width=\"171\" height=\"250\" srcset=\"http:\/\/www.editiondaslabor.de\/blog\/wp-content\/uploads\/2020\/03\/image-6.jpeg 342w, http:\/\/www.editiondaslabor.de\/blog\/wp-content\/uploads\/2020\/03\/image-6-206x300.jpeg 206w, http:\/\/www.editiondaslabor.de\/blog\/wp-content\/uploads\/2020\/03\/image-6-260x379.jpeg 260w, http:\/\/www.editiondaslabor.de\/blog\/wp-content\/uploads\/2020\/03\/image-6-160x233.jpeg 160w\" sizes=\"auto, (max-width: 171px) 100vw, 171px\" \/><\/figure>\r\n<\/div>\r\n<p style=\"text-align: justify;\"><!-- \/wp:image -->\r\n\r\n<!-- wp:paragraph --><\/p>\r\n<p style=\"text-align: justify;\">Vieles bleibt in <em>Gionos L\u00e4cheln<\/em> offen und in der Schwebe, L\u00fccken tun sich auf und Leerstellen, man mag darin einen lyrischen Gestus erkennen. Das Allt\u00e4gliche wird bei Ulrich Bergmann zum poetischen Ereignis, immer wieder gibt es Passagen, die das Wiederlesen und Nochmallesen lohnen. Poesie ist gerade dann, wenn man sie als Sprache der Wirklichkeit ernst nimmt, kein animistisches, vitalistisches Medium, sondern eine Verlebendigungsmaschine.<\/p>\r\n<p style=\"text-align: justify;\"><!-- \/wp:paragraph -->\r\n\r\n<!-- wp:paragraph --><\/p>\r\n<p style=\"text-align: justify;\"><strong>Weiterf\u00fchrend \u2192<\/strong><\/p>\r\n<p style=\"text-align: justify;\"><!-- \/wp:paragraph -->\r\n\r\n<!-- wp:paragraph --><\/p>\r\n<p style=\"text-align: justify;\">Eine liebevoll sp\u00f6ttische <a href=\"http:\/\/www.editiondaslabor.de\/blog\/2017\/10\/10\/der-kleine-prinz-auf-seinem-ich-planeten\/\">Einf\u00fchrung<\/a> zu <em>Gionos L\u00e4cheln<\/em> von Holger Benkel. Er schreib auch zu den\u00a0<em>Arthurgeschichten<\/em> von Ulrich Bergmann einen <a href=\"http:\/\/www.editiondaslabor.de\/blog\/?p=6837\">Rezensionsessay<\/a>. \u2013 Eine Einf\u00fchrung in\u00a0<em>Schlangegeschichten<\/em> finden Sie\u00a0<a href=\"http:\/\/www.editiondaslabor.de\/blog\/?p=32773\">hier<\/a>.<\/p>","protected":false},"excerpt":{"rendered":"<p>\u00a0 Der Tod griff mich erst an, als ich Jahre sp\u00e4ter Grandm\u00e8re Louise verlor. Sie glaubte an die Sprache in den Psalmen und Faust, aber nicht an Gott. Der lie\u00df sie fallen, als sie beim \u00dcberqueren der Allee in der&hellip;<\/p>\n<p class=\"more-link-p\"><a class=\"more-link\" href=\"http:\/\/www.editiondaslabor.de\/blog\/2022\/06\/19\/die-angst-vor-dem-tod-ist-das-schlimmste\/\">Read more &rarr;<\/a><\/p>\n","protected":false},"author":41,"featured_media":97855,"comment_status":"closed","ping_status":"closed","sticky":false,"template":"","format":"standard","meta":{"footnotes":""},"categories":[1],"tags":[866],"class_list":["post-78994","post","type-post","status-publish","format-standard","has-post-thumbnail","hentry","category-literatur","tag-ulrich-bergmann"],"_links":{"self":[{"href":"http:\/\/www.editiondaslabor.de\/blog\/wp-json\/wp\/v2\/posts\/78994","targetHints":{"allow":["GET"]}}],"collection":[{"href":"http:\/\/www.editiondaslabor.de\/blog\/wp-json\/wp\/v2\/posts"}],"about":[{"href":"http:\/\/www.editiondaslabor.de\/blog\/wp-json\/wp\/v2\/types\/post"}],"author":[{"embeddable":true,"href":"http:\/\/www.editiondaslabor.de\/blog\/wp-json\/wp\/v2\/users\/41"}],"replies":[{"embeddable":true,"href":"http:\/\/www.editiondaslabor.de\/blog\/wp-json\/wp\/v2\/comments?post=78994"}],"version-history":[{"count":1,"href":"http:\/\/www.editiondaslabor.de\/blog\/wp-json\/wp\/v2\/posts\/78994\/revisions"}],"predecessor-version":[{"id":103730,"href":"http:\/\/www.editiondaslabor.de\/blog\/wp-json\/wp\/v2\/posts\/78994\/revisions\/103730"}],"wp:featuredmedia":[{"embeddable":true,"href":"http:\/\/www.editiondaslabor.de\/blog\/wp-json\/wp\/v2\/media\/97855"}],"wp:attachment":[{"href":"http:\/\/www.editiondaslabor.de\/blog\/wp-json\/wp\/v2\/media?parent=78994"}],"wp:term":[{"taxonomy":"category","embeddable":true,"href":"http:\/\/www.editiondaslabor.de\/blog\/wp-json\/wp\/v2\/categories?post=78994"},{"taxonomy":"post_tag","embeddable":true,"href":"http:\/\/www.editiondaslabor.de\/blog\/wp-json\/wp\/v2\/tags?post=78994"}],"curies":[{"name":"wp","href":"https:\/\/api.w.org\/{rel}","templated":true}]}}