{"id":78935,"date":"2022-03-28T00:01:36","date_gmt":"2022-03-27T22:01:36","guid":{"rendered":"http:\/\/www.editiondaslabor.de\/blog\/?p=78935"},"modified":"2022-02-20T17:29:35","modified_gmt":"2022-02-20T16:29:35","slug":"nicht-jede-blume-ist-blau","status":"publish","type":"post","link":"http:\/\/www.editiondaslabor.de\/blog\/2022\/03\/28\/nicht-jede-blume-ist-blau\/","title":{"rendered":"Nicht jede Blume ist blau"},"content":{"rendered":"<p style=\"text-align: justify;\">\u00a0<\/p>\r\n<p style=\"text-align: justify;\"><em>Nicht jede Blume ist blau. <\/em>Nun bemale ich meinen Sarg. Meine Hoffnung tanzt hinter den Kulissen. Die B\u00fchne dreht Sommer in meinen Sch\u00e4del. Ich bin aus Papier. Da schl\u00e4gt mein Schatten dem Schlaf ins Gesicht. Kopfhaut zuckt in spitzer \u00dcberforderung der Gedanken unterm Knochen. Da flimmern weiche Ionen. Und irgendein gro\u00dfer fremder Mann hoch \u00fcber mir nennt die Buchstaben: Gewaltige Bilder. Aus seinen Wimpern zuckt es kritisch, bis die Blicke brennen. Das ist alles blo\u00df ein assoziatives Ereignis und nicht einmal Kunst. Ich bin noch jung, bin Eisbrecher und fahre durch mich selbst, schiebe das Eis weg von meinem Weg. Ich wei\u00df nicht, ob ich ankomme und kenne auch kaum ein Ziel. Stolperanf\u00e4lligkeit ist mein Wahrzeichen. Ich suche den Ort, wo ich Halt finde mit offenen Schn\u00fcrsenkeln. Zigaretten treiben meine Sucht nach Verlorenheit im Unterholz meiner \u2013 ich wei\u00df nicht, wie ich es nennen soll: Seele? Keine Ahnung. Das ist eine Geschichte ganz anderer Gewalt.<\/p>\r\n<p style=\"text-align: justify;\">Der Himmel hat die Farbe von Pommes frites. Ein drohendes Grau mischt Sommergelb. Die Sonne f\u00e4llt mir vor die F\u00fc\u00dfe, als ich barfu\u00df und ohne eine gravierende Erwartung \u00fcber den Platz laufe und einfach nur atme. Die Farbe von Pommes frites, fl\u00fcstern meine Ionen, die St\u00e4bchen tanzen partizipiell. Aber ich habe keinen Hunger, keinen Durst, und schie\u00dfe alle meine Nachmittagstermine tot. Nun rennen sie allein durch die Zeit, die sich mit sich selbst verschw\u00f6rt, und der eine Termin redet \u00fcber den anderen, w\u00e4hrend mein Lenker sich einen abstrakten Orgasmus vorstellt: So gebar sich die Welt. Und wie ich entstand, das ist nat\u00fcrlich eine weit herzuholende Geschichte, wie immer. Die erz\u00e4hl ich mir aber heute nicht, ich kann sie mir nicht mehr glauben, und so ist das mit allen Geschichten, man kann sie nicht glauben, und das Spiel der Worte und Gedankenverwerfungen, alle diese Extrapolierungen und Abbr\u00fcche langweilen mich. Heute will ich mit der Haut parlieren, will dem Blut unter ihr Zeichen geben. Ich rauche und schaue zu, wie sich kleine Perlen bilden mit den eingekapselten Ideen von morgen.<\/p>\r\n<p style=\"text-align: justify;\">\u00a0<\/p>\r\n<p style=\"text-align: justify;\">\u00a0<\/p>\r\n<p class=\"has-text-align-center\" style=\"text-align: center;\">***<\/p>\r\n<p style=\"text-align: justify;\"><!-- \/wp:post-content -->\r\n\r\n<!-- wp:paragraph --><\/p>\r\n<p style=\"text-align: justify;\"><strong>Gionos L\u00e4cheln<\/strong>, ein Fortsetzungsroman von Ulrich Bergmann, KUNO 2022<\/p>\r\n<p style=\"text-align: justify;\"><!-- \/wp:paragraph -->\r\n\r\n<!-- wp:image {\"align\":\"left\",\"id\":62118,\"width\":171,\"height\":250,\"sizeSlug\":\"large\"} --><\/p>\r\n<div class=\"wp-block-image\" style=\"text-align: justify;\">\r\n<figure class=\"alignleft size-large is-resized\"><img loading=\"lazy\" decoding=\"async\" class=\"wp-image-62118\" src=\"http:\/\/www.editiondaslabor.de\/blog\/wp-content\/uploads\/2020\/03\/image-6.jpeg\" alt=\"\" width=\"171\" height=\"250\" srcset=\"http:\/\/www.editiondaslabor.de\/blog\/wp-content\/uploads\/2020\/03\/image-6.jpeg 342w, http:\/\/www.editiondaslabor.de\/blog\/wp-content\/uploads\/2020\/03\/image-6-206x300.jpeg 206w, http:\/\/www.editiondaslabor.de\/blog\/wp-content\/uploads\/2020\/03\/image-6-260x379.jpeg 260w, http:\/\/www.editiondaslabor.de\/blog\/wp-content\/uploads\/2020\/03\/image-6-160x233.jpeg 160w\" sizes=\"auto, (max-width: 171px) 100vw, 171px\" \/><\/figure>\r\n<\/div>\r\n<p style=\"text-align: justify;\"><!-- \/wp:image -->\r\n\r\n<!-- wp:paragraph --><\/p>\r\n<p style=\"text-align: justify;\">Vieles bleibt in <em>Gionos L\u00e4cheln<\/em> offen und in der Schwebe, L\u00fccken tun sich auf und Leerstellen, man mag darin einen lyrischen Gestus erkennen. Das Allt\u00e4gliche wird bei Ulrich Bergmann zum poetischen Ereignis, immer wieder gibt es Passagen, die das Wiederlesen und Nochmallesen lohnen. Poesie ist gerade dann, wenn man sie als Sprache der Wirklichkeit ernst nimmt, kein animistisches, vitalistisches Medium, sondern eine Verlebendigungsmaschine.<\/p>\r\n<p style=\"text-align: justify;\"><!-- \/wp:paragraph -->\r\n\r\n<!-- wp:paragraph --><\/p>\r\n<p style=\"text-align: justify;\"><strong>Weiterf\u00fchrend \u2192<\/strong><\/p>\r\n<p style=\"text-align: justify;\"><!-- \/wp:paragraph -->\r\n\r\n<!-- wp:paragraph --><\/p>\r\n<p style=\"text-align: justify;\">Eine liebevoll sp\u00f6ttische <a href=\"http:\/\/www.editiondaslabor.de\/blog\/2017\/10\/10\/der-kleine-prinz-auf-seinem-ich-planeten\/\">Einf\u00fchrung<\/a> zu <em>Gionos L\u00e4cheln<\/em> von Holger Benkel. Er schreib auch zu den\u00a0<em>Arthurgeschichten<\/em> von Ulrich Bergmann einen <a href=\"http:\/\/www.editiondaslabor.de\/blog\/?p=6837\">Rezensionsessay<\/a>. \u2013 Eine Einf\u00fchrung in\u00a0<em>Schlangegeschichten<\/em> finden Sie\u00a0<a href=\"http:\/\/www.editiondaslabor.de\/blog\/?p=32773\">hier<\/a>.<\/p>","protected":false},"excerpt":{"rendered":"<p>\u00a0 Nicht jede Blume ist blau. Nun bemale ich meinen Sarg. Meine Hoffnung tanzt hinter den Kulissen. Die B\u00fchne dreht Sommer in meinen Sch\u00e4del. Ich bin aus Papier. Da schl\u00e4gt mein Schatten dem Schlaf ins Gesicht. Kopfhaut zuckt in spitzer&hellip;<\/p>\n<p class=\"more-link-p\"><a class=\"more-link\" href=\"http:\/\/www.editiondaslabor.de\/blog\/2022\/03\/28\/nicht-jede-blume-ist-blau\/\">Read more &rarr;<\/a><\/p>\n","protected":false},"author":41,"featured_media":97855,"comment_status":"closed","ping_status":"closed","sticky":false,"template":"","format":"standard","meta":{"footnotes":""},"categories":[1],"tags":[866],"class_list":["post-78935","post","type-post","status-publish","format-standard","has-post-thumbnail","hentry","category-literatur","tag-ulrich-bergmann"],"_links":{"self":[{"href":"http:\/\/www.editiondaslabor.de\/blog\/wp-json\/wp\/v2\/posts\/78935","targetHints":{"allow":["GET"]}}],"collection":[{"href":"http:\/\/www.editiondaslabor.de\/blog\/wp-json\/wp\/v2\/posts"}],"about":[{"href":"http:\/\/www.editiondaslabor.de\/blog\/wp-json\/wp\/v2\/types\/post"}],"author":[{"embeddable":true,"href":"http:\/\/www.editiondaslabor.de\/blog\/wp-json\/wp\/v2\/users\/41"}],"replies":[{"embeddable":true,"href":"http:\/\/www.editiondaslabor.de\/blog\/wp-json\/wp\/v2\/comments?post=78935"}],"version-history":[{"count":1,"href":"http:\/\/www.editiondaslabor.de\/blog\/wp-json\/wp\/v2\/posts\/78935\/revisions"}],"predecessor-version":[{"id":98885,"href":"http:\/\/www.editiondaslabor.de\/blog\/wp-json\/wp\/v2\/posts\/78935\/revisions\/98885"}],"wp:featuredmedia":[{"embeddable":true,"href":"http:\/\/www.editiondaslabor.de\/blog\/wp-json\/wp\/v2\/media\/97855"}],"wp:attachment":[{"href":"http:\/\/www.editiondaslabor.de\/blog\/wp-json\/wp\/v2\/media?parent=78935"}],"wp:term":[{"taxonomy":"category","embeddable":true,"href":"http:\/\/www.editiondaslabor.de\/blog\/wp-json\/wp\/v2\/categories?post=78935"},{"taxonomy":"post_tag","embeddable":true,"href":"http:\/\/www.editiondaslabor.de\/blog\/wp-json\/wp\/v2\/tags?post=78935"}],"curies":[{"name":"wp","href":"https:\/\/api.w.org\/{rel}","templated":true}]}}