{"id":78927,"date":"2022-03-14T00:01:20","date_gmt":"2022-03-13T23:01:20","guid":{"rendered":"http:\/\/www.editiondaslabor.de\/blog\/?p=78927"},"modified":"2022-02-20T13:12:10","modified_gmt":"2022-02-20T12:12:10","slug":"die-schwarzen-kuehe-der-nacht","status":"publish","type":"post","link":"http:\/\/www.editiondaslabor.de\/blog\/2022\/03\/14\/die-schwarzen-kuehe-der-nacht\/","title":{"rendered":"Die schwarzen K\u00fche der Nacht"},"content":{"rendered":"<p style=\"text-align: justify;\">\u00a0<\/p>\r\n<p style=\"text-align: justify;\"><em>Die schwarzen K\u00fche der Nacht. <\/em>Als ich ein Kind war, da sangen und sprangen wir in die mit Kreide auf blauen Asphalt gemalten K\u00e4stchen zwischen Himmel und H\u00f6lle: Kaiser K\u00f6nig Edelmann \u2013 B\u00fcrger Bauer Bettelmann &#8230; Hein der Schnitter \u2013 Feiner Flitter \u2013 Rein und bitter \u2013 Kleiner Splitter \u2013 Allein ich zitter \u2013 Vor Pein und Gewitter \u2013 Hein du Schnitter &#8230; Ellerli Sellerli Sigerli Sa \u2013 Ribedi Rabedi Knoll &#8230; Rote Kirschen ess ich gern \u2013 Schwarze noch viel lieber \u2013\u00a0 Auf den Friedhof geh ich gern \u2013 Alle Tage wieder \u2013 Hier wird Platz gemacht \u2013 F\u00fcr die jungen Damen \u2013 Sa\u00df ein Kuckuck auf dem Dach \u2013 Hat der Regen nass gemacht &#8230; Wir haben einen Tod \u2013 Der singt so lieblich \u2013 Singt sogar \u2013 Wie ein Star \u2013 Hat gesungen sieben mal sieben Jahr &#8230;<\/p>\r\n<p style=\"text-align: justify;\">Wir wussten nicht, was wir da sangen. Die Worte waren nur ein Spiel, alles war Spiel, Streit und Wiedervertragen, Schmusen und Beten im Bett, auch Traurigsein war ein Spiel, wenn wir es ausdehnten bis zum Genuss, dass wir traurig wurden, wenn wir nicht mehr traurig sein konnten. Die Zeit stand still. Der Tag war Ewigkeit. Ungef\u00e4rbt war mein Gem\u00fct. Als wir \u00e4lter wurden, da starben wir zum ersten Mal, und es war uns nur halb bewusst, wie sie den Himmel vor unseren Augen wegzogen.<\/p>\r\n<p style=\"text-align: justify;\">Ach, dein schweres Herz (so voller Angst) kann keiner wiegen. W\u00e4r\u2019 leer dein Herz (um das du bangst), k\u00f6nntest du fliegen.<\/p>\r\n<p style=\"text-align: justify;\">Ich aber sage mir: Eene meene Mu \u2013 Und raus bist du \u2013 Raus bist du noch lange nicht \u2013 Sag mir erst, wie alt du bist &#8230;<\/p>\r\n<p style=\"text-align: justify;\"><em>Verg\u00e4ngnis. <\/em>Wohin gehen wir denn? Immer nach Hause, immer nach Hause, sage ich mir. Immer zum Tode, sage ich, immer zum Tode.<\/p>\r\n<p style=\"text-align: justify;\">\u00a0<\/p>\r\n<p style=\"text-align: justify;\">\u00a0<\/p>\r\n<p style=\"text-align: justify;\">\u00a0<\/p>\r\n<p class=\"has-text-align-center\" style=\"text-align: center;\">***<\/p>\r\n<p style=\"text-align: justify;\"><!-- \/wp:post-content -->\r\n\r\n<!-- wp:paragraph --><\/p>\r\n<p style=\"text-align: justify;\"><strong>Gionos L\u00e4cheln<\/strong>, ein Fortsetzungsroman von Ulrich Bergmann, KUNO 2022<\/p>\r\n<p style=\"text-align: justify;\"><!-- \/wp:paragraph -->\r\n\r\n<!-- wp:image {\"align\":\"left\",\"id\":62118,\"width\":171,\"height\":250,\"sizeSlug\":\"large\"} --><\/p>\r\n<div class=\"wp-block-image\" style=\"text-align: justify;\">\r\n<figure class=\"alignleft size-large is-resized\"><img loading=\"lazy\" decoding=\"async\" class=\"wp-image-62118\" src=\"http:\/\/www.editiondaslabor.de\/blog\/wp-content\/uploads\/2020\/03\/image-6.jpeg\" alt=\"\" width=\"171\" height=\"250\" srcset=\"http:\/\/www.editiondaslabor.de\/blog\/wp-content\/uploads\/2020\/03\/image-6.jpeg 342w, http:\/\/www.editiondaslabor.de\/blog\/wp-content\/uploads\/2020\/03\/image-6-206x300.jpeg 206w, http:\/\/www.editiondaslabor.de\/blog\/wp-content\/uploads\/2020\/03\/image-6-260x379.jpeg 260w, http:\/\/www.editiondaslabor.de\/blog\/wp-content\/uploads\/2020\/03\/image-6-160x233.jpeg 160w\" sizes=\"auto, (max-width: 171px) 100vw, 171px\" \/><\/figure>\r\n<\/div>\r\n<p style=\"text-align: justify;\"><!-- \/wp:image -->\r\n\r\n<!-- wp:paragraph --><\/p>\r\n<p style=\"text-align: justify;\">Vieles bleibt in <em>Gionos L\u00e4cheln<\/em> offen und in der Schwebe, L\u00fccken tun sich auf und Leerstellen, man mag darin einen lyrischen Gestus erkennen. Das Allt\u00e4gliche wird bei Ulrich Bergmann zum poetischen Ereignis, immer wieder gibt es Passagen, die das Wiederlesen und Nochmallesen lohnen. Poesie ist gerade dann, wenn man sie als Sprache der Wirklichkeit ernst nimmt, kein animistisches, vitalistisches Medium, sondern eine Verlebendigungsmaschine.<\/p>\r\n<p style=\"text-align: justify;\"><!-- \/wp:paragraph -->\r\n\r\n<!-- wp:paragraph --><\/p>\r\n<p style=\"text-align: justify;\"><strong>Weiterf\u00fchrend \u2192<\/strong><\/p>\r\n<p style=\"text-align: justify;\"><!-- \/wp:paragraph -->\r\n\r\n<!-- wp:paragraph --><\/p>\r\n<p style=\"text-align: justify;\">Eine liebevoll sp\u00f6ttische <a href=\"http:\/\/www.editiondaslabor.de\/blog\/2017\/10\/10\/der-kleine-prinz-auf-seinem-ich-planeten\/\">Einf\u00fchrung<\/a> zu <em>Gionos L\u00e4cheln<\/em> von Holger Benkel. Er schreib auch zu den\u00a0<em>Arthurgeschichten<\/em> von Ulrich Bergmann einen <a href=\"http:\/\/www.editiondaslabor.de\/blog\/?p=6837\">Rezensionsessay<\/a>. \u2013 Eine Einf\u00fchrung in\u00a0<em>Schlangegeschichten<\/em> finden Sie\u00a0<a href=\"http:\/\/www.editiondaslabor.de\/blog\/?p=32773\">hier<\/a>.<\/p>","protected":false},"excerpt":{"rendered":"<p>\u00a0 Die schwarzen K\u00fche der Nacht. Als ich ein Kind war, da sangen und sprangen wir in die mit Kreide auf blauen Asphalt gemalten K\u00e4stchen zwischen Himmel und H\u00f6lle: Kaiser K\u00f6nig Edelmann \u2013 B\u00fcrger Bauer Bettelmann &#8230; Hein der Schnitter&hellip;<\/p>\n<p class=\"more-link-p\"><a class=\"more-link\" href=\"http:\/\/www.editiondaslabor.de\/blog\/2022\/03\/14\/die-schwarzen-kuehe-der-nacht\/\">Read more &rarr;<\/a><\/p>\n","protected":false},"author":41,"featured_media":97855,"comment_status":"closed","ping_status":"closed","sticky":false,"template":"","format":"standard","meta":{"footnotes":""},"categories":[1],"tags":[866],"class_list":["post-78927","post","type-post","status-publish","format-standard","has-post-thumbnail","hentry","category-literatur","tag-ulrich-bergmann"],"_links":{"self":[{"href":"http:\/\/www.editiondaslabor.de\/blog\/wp-json\/wp\/v2\/posts\/78927","targetHints":{"allow":["GET"]}}],"collection":[{"href":"http:\/\/www.editiondaslabor.de\/blog\/wp-json\/wp\/v2\/posts"}],"about":[{"href":"http:\/\/www.editiondaslabor.de\/blog\/wp-json\/wp\/v2\/types\/post"}],"author":[{"embeddable":true,"href":"http:\/\/www.editiondaslabor.de\/blog\/wp-json\/wp\/v2\/users\/41"}],"replies":[{"embeddable":true,"href":"http:\/\/www.editiondaslabor.de\/blog\/wp-json\/wp\/v2\/comments?post=78927"}],"version-history":[{"count":1,"href":"http:\/\/www.editiondaslabor.de\/blog\/wp-json\/wp\/v2\/posts\/78927\/revisions"}],"predecessor-version":[{"id":98725,"href":"http:\/\/www.editiondaslabor.de\/blog\/wp-json\/wp\/v2\/posts\/78927\/revisions\/98725"}],"wp:featuredmedia":[{"embeddable":true,"href":"http:\/\/www.editiondaslabor.de\/blog\/wp-json\/wp\/v2\/media\/97855"}],"wp:attachment":[{"href":"http:\/\/www.editiondaslabor.de\/blog\/wp-json\/wp\/v2\/media?parent=78927"}],"wp:term":[{"taxonomy":"category","embeddable":true,"href":"http:\/\/www.editiondaslabor.de\/blog\/wp-json\/wp\/v2\/categories?post=78927"},{"taxonomy":"post_tag","embeddable":true,"href":"http:\/\/www.editiondaslabor.de\/blog\/wp-json\/wp\/v2\/tags?post=78927"}],"curies":[{"name":"wp","href":"https:\/\/api.w.org\/{rel}","templated":true}]}}