{"id":78903,"date":"2022-01-25T00:01:02","date_gmt":"2022-01-24T23:01:02","guid":{"rendered":"http:\/\/www.editiondaslabor.de\/blog\/?p=78903"},"modified":"2022-02-17T13:29:53","modified_gmt":"2022-02-17T12:29:53","slug":"ichung","status":"publish","type":"post","link":"http:\/\/www.editiondaslabor.de\/blog\/2022\/01\/25\/ichung\/","title":{"rendered":"Ichung"},"content":{"rendered":"<p>&nbsp;<\/p>\r\n<p style=\"text-align: justify;\">Die Kugel durchdringt den Kern und wirft die Gei\u00dfel ab, nun Kugel in der Kugel. Fischblase mit der t\u00fcrigen Wand vor dem Ich zwischen Arktis und Antarktis. Da schwimmt das Universum im Universum. Nord und S\u00fcd gehen ineinander, vertunneln sich und tauschen verspindelt die Seiten. Das war der Anfang, schon kompliziert genug. Ich schien unsterblich. Ich bin Seele und K\u00f6rper. Aber nun wachse ich kreisf\u00f6rmig, indem ich mich immer wieder aufl\u00f6se. Geburt und Sterben ist eins, Mund und Mund, Anfang und Ende. Blase, Spindel, Tetraeder, Sterntetraeder, W\u00fcrfel, Kugelkugel, Torus.<\/p>\r\n<p style=\"text-align: justify;\">Ich f\u00fchle es ja. Ich sp\u00fcre, wie ich mich fortw\u00e4hrend teile und zerfalle. In jeder Sekunde zerfalle ich millionenfach und baue mich wieder auf.<\/p>\r\n<p style=\"text-align: justify;\">Ich liege auf dem Metallbett und h\u00f6re, wie mein Herz schl\u00e4gt. Wenn ich auf dem Herzen liege, bebt der Schlag bis zum Hals, wenn ich mich umdrehe, h\u00f6re ich nichts. Herzstillstand. Ich h\u00f6re mein Blut. Ich flie\u00dfe mit, tr\u00e4ume vom Tag, ich tr\u00e4ume den Tag ins Blut. Dann schlafe ich ein, w\u00e4hrend die Mitochondrien in mir brennen. \u00a0<\/p>\r\n<p style=\"text-align: justify;\">\u00a0<\/p>\r\n<p style=\"text-align: justify;\">\u00a0<\/p>\r\n<p class=\"has-text-align-center\" style=\"text-align: center;\">***<\/p>\r\n<p style=\"text-align: justify;\"><!-- \/wp:post-content -->\r\n\r\n<!-- wp:paragraph --><\/p>\r\n<p style=\"text-align: justify;\"><strong>Gionos L\u00e4cheln<\/strong>, ein Fortsetzungsroman von Ulrich Bergmann, KUNO 2022<\/p>\r\n<p style=\"text-align: justify;\"><!-- \/wp:paragraph -->\r\n\r\n<!-- wp:image {\"align\":\"left\",\"id\":62118,\"width\":171,\"height\":250,\"sizeSlug\":\"large\"} --><\/p>\r\n<div class=\"wp-block-image\" style=\"text-align: justify;\">\r\n<figure class=\"alignleft size-large is-resized\"><img loading=\"lazy\" decoding=\"async\" class=\"wp-image-62118\" src=\"http:\/\/www.editiondaslabor.de\/blog\/wp-content\/uploads\/2020\/03\/image-6.jpeg\" alt=\"\" width=\"171\" height=\"250\" srcset=\"http:\/\/www.editiondaslabor.de\/blog\/wp-content\/uploads\/2020\/03\/image-6.jpeg 342w, http:\/\/www.editiondaslabor.de\/blog\/wp-content\/uploads\/2020\/03\/image-6-206x300.jpeg 206w, http:\/\/www.editiondaslabor.de\/blog\/wp-content\/uploads\/2020\/03\/image-6-260x379.jpeg 260w, http:\/\/www.editiondaslabor.de\/blog\/wp-content\/uploads\/2020\/03\/image-6-160x233.jpeg 160w\" sizes=\"auto, (max-width: 171px) 100vw, 171px\" \/><\/figure>\r\n<\/div>\r\n<p style=\"text-align: justify;\"><!-- \/wp:image -->\r\n\r\n<!-- wp:paragraph --><\/p>\r\n<p style=\"text-align: justify;\">Vieles bleibt in <em>Gionos L\u00e4cheln<\/em> offen und in der Schwebe, L\u00fccken tun sich auf und Leerstellen, man mag darin einen lyrischen Gestus erkennen. Das Allt\u00e4gliche wird bei Ulrich Bergmann zum poetischen Ereignis, immer wieder gibt es Passagen, die das Wiederlesen und Nochmallesen lohnen. Poesie ist gerade dann, wenn man sie als Sprache der Wirklichkeit ernst nimmt, kein animistisches, vitalistisches Medium, sondern eine Verlebendigungsmaschine.<\/p>\r\n<p style=\"text-align: justify;\"><!-- \/wp:paragraph -->\r\n\r\n<!-- wp:paragraph --><\/p>\r\n<p style=\"text-align: justify;\"><strong>Weiterf\u00fchrend \u2192<\/strong><\/p>\r\n<p style=\"text-align: justify;\"><!-- \/wp:paragraph -->\r\n\r\n<!-- wp:paragraph --><\/p>\r\n<p style=\"text-align: justify;\">Eine liebevoll sp\u00f6ttische <a href=\"http:\/\/www.editiondaslabor.de\/blog\/2017\/10\/10\/der-kleine-prinz-auf-seinem-ich-planeten\/\">Einf\u00fchrung<\/a> zu <em>Gionos L\u00e4cheln<\/em> von Holger Benkel. Er schreib auch zu den\u00a0<em>Arthurgeschichten<\/em> von Ulrich Bergmann einen <a href=\"http:\/\/www.editiondaslabor.de\/blog\/?p=6837\">Rezensionsessay<\/a>. \u2013 Eine Einf\u00fchrung in\u00a0<em>Schlangegeschichten<\/em> finden Sie\u00a0<a href=\"http:\/\/www.editiondaslabor.de\/blog\/?p=32773\">hier<\/a>.<\/p>","protected":false},"excerpt":{"rendered":"<p>&nbsp; Die Kugel durchdringt den Kern und wirft die Gei\u00dfel ab, nun Kugel in der Kugel. Fischblase mit der t\u00fcrigen Wand vor dem Ich zwischen Arktis und Antarktis. Da schwimmt das Universum im Universum. Nord und S\u00fcd gehen ineinander, vertunneln&hellip;<\/p>\n<p class=\"more-link-p\"><a class=\"more-link\" href=\"http:\/\/www.editiondaslabor.de\/blog\/2022\/01\/25\/ichung\/\">Read more &rarr;<\/a><\/p>\n","protected":false},"author":41,"featured_media":97855,"comment_status":"closed","ping_status":"closed","sticky":false,"template":"","format":"standard","meta":{"footnotes":""},"categories":[1],"tags":[866],"class_list":["post-78903","post","type-post","status-publish","format-standard","has-post-thumbnail","hentry","category-literatur","tag-ulrich-bergmann"],"_links":{"self":[{"href":"http:\/\/www.editiondaslabor.de\/blog\/wp-json\/wp\/v2\/posts\/78903","targetHints":{"allow":["GET"]}}],"collection":[{"href":"http:\/\/www.editiondaslabor.de\/blog\/wp-json\/wp\/v2\/posts"}],"about":[{"href":"http:\/\/www.editiondaslabor.de\/blog\/wp-json\/wp\/v2\/types\/post"}],"author":[{"embeddable":true,"href":"http:\/\/www.editiondaslabor.de\/blog\/wp-json\/wp\/v2\/users\/41"}],"replies":[{"embeddable":true,"href":"http:\/\/www.editiondaslabor.de\/blog\/wp-json\/wp\/v2\/comments?post=78903"}],"version-history":[{"count":1,"href":"http:\/\/www.editiondaslabor.de\/blog\/wp-json\/wp\/v2\/posts\/78903\/revisions"}],"predecessor-version":[{"id":97860,"href":"http:\/\/www.editiondaslabor.de\/blog\/wp-json\/wp\/v2\/posts\/78903\/revisions\/97860"}],"wp:featuredmedia":[{"embeddable":true,"href":"http:\/\/www.editiondaslabor.de\/blog\/wp-json\/wp\/v2\/media\/97855"}],"wp:attachment":[{"href":"http:\/\/www.editiondaslabor.de\/blog\/wp-json\/wp\/v2\/media?parent=78903"}],"wp:term":[{"taxonomy":"category","embeddable":true,"href":"http:\/\/www.editiondaslabor.de\/blog\/wp-json\/wp\/v2\/categories?post=78903"},{"taxonomy":"post_tag","embeddable":true,"href":"http:\/\/www.editiondaslabor.de\/blog\/wp-json\/wp\/v2\/tags?post=78903"}],"curies":[{"name":"wp","href":"https:\/\/api.w.org\/{rel}","templated":true}]}}