{"id":78587,"date":"2023-06-03T00:01:58","date_gmt":"2023-06-02T22:01:58","guid":{"rendered":"http:\/\/www.editiondaslabor.de\/blog\/?p=78587"},"modified":"2022-02-25T16:20:18","modified_gmt":"2022-02-25T15:20:18","slug":"die-wahrheit-ueber-sancho-pansa","status":"publish","type":"post","link":"http:\/\/www.editiondaslabor.de\/blog\/2023\/06\/03\/die-wahrheit-ueber-sancho-pansa\/","title":{"rendered":"Die Wahrheit \u00fcber Sancho Pansa"},"content":{"rendered":"<div>\n<p>&nbsp;<\/p>\n<p style=\"text-align: justify;\">Sancho Pansa, der sich \u00fcbrigens dessen nie ger\u00fchmt hat, gelang es im Laufe der Jahre, durch Beistellung einer Menge Ritter- und R\u00e4uberromane in den Abend- und Nachtstunden seinen Teufel, dem er sp\u00e4ter den Namen Don Quixote gab, derart von sich abzulenken, da\u00df dieser dann haltlos die verr\u00fccktesten Taten auff\u00fchrte, die aber mangels eines vorbestimmten Gegenstandes, der eben Sancho Pansa h\u00e4tte sein sollen, niemandem schadeten. Sancho Pansa, ein freier Mann, folgte gleichm\u00fctig, vielleicht aus einem gewissen Verantwortlichkeitsgef\u00fchl dem Don Quixote auf seinen Z\u00fcgen und hatte davon eine gro\u00dfe und n\u00fctzliche Unterhaltung bis an sein Ende.<\/p>\n<p>&nbsp;<\/p>\n<\/div>\n<p>&nbsp;<\/p>\n<p style=\"text-align: center;\">***<\/p>\n<p style=\"text-align: justify;\"><img loading=\"lazy\" decoding=\"async\" class=\"alignleft size-full wp-image-99615\" src=\"http:\/\/www.editiondaslabor.de\/blog\/wp-content\/uploads\/2025\/07\/Franz_Kafka-e1645556890422.jpg\" alt=\"\" width=\"246\" height=\"300\" \/>Franz Kafka schmilzt die Gattung des Essays auf zwei S\u00e4tze ein. Der erste Satz enth\u00e4lt dicht gedr\u00e4ngt in verschachtelten Satzreihungen die Hauptinformationen. Der zweite Satz klingt entsprechend seinem ruhigeren Inhalt kontemplativ aus. Sancho Pansa hat also einen teuflischen Begleiter, den er Don Quixote nennt und den er sozusagen mit dem Erz\u00e4hlen von Romanen gebannt hat und unsch\u00e4dlich gemacht hat, der aber nun wie verr\u00fcckt erscheint und den Sancho Pansa f\u00fcrsorglich im Auge beh\u00e4lt. Im Roman ist Don Quixote zwar auch verwirrt, aber er ist der Hauptakteur, w\u00e4hrend Sancho Pansa zwar mit Bauernschl\u00e4ue agiert, aber er ist die Zweitfigur. Kafka kehrt das um, indem er Sancho Pansa \u201ezum Spiritus rector der Geschichte macht\u201c.\u00a0Man erlebt zweimal die verwirrende Wirkung von Literatur.<\/p>\n<p style=\"text-align: justify;\"><strong>W<\/strong><strong>eiterf\u00fchrend \u2192<\/strong> Lesen Sie auch KUNOs <a href=\"http:\/\/www.editiondaslabor.de\/blog\/2013\/12\/10\/zur-gattung-essay\/\">Hommage<\/a> an die Gattung des Essays, sowie Heinrich Heines <a href=\"http:\/\/www.editiondaslabor.de\/blog\/1997\/02\/10\/einleitung-zum-don-quixote\/\">Einleitung zum Don Quixote<\/a>.<\/p>\n<p style=\"text-align: justify;\">\n","protected":false},"excerpt":{"rendered":"<p>&nbsp; Sancho Pansa, der sich \u00fcbrigens dessen nie ger\u00fchmt hat, gelang es im Laufe der Jahre, durch Beistellung einer Menge Ritter- und R\u00e4uberromane in den Abend- und Nachtstunden seinen Teufel, dem er sp\u00e4ter den Namen Don Quixote gab, derart von&hellip;<\/p>\n<p class=\"more-link-p\"><a class=\"more-link\" href=\"http:\/\/www.editiondaslabor.de\/blog\/2023\/06\/03\/die-wahrheit-ueber-sancho-pansa\/\">Read more &rarr;<\/a><\/p>\n","protected":false},"author":107,"featured_media":99615,"comment_status":"closed","ping_status":"closed","sticky":false,"template":"","format":"standard","meta":{"footnotes":""},"categories":[1],"tags":[494,2824],"class_list":["post-78587","post","type-post","status-publish","format-standard","has-post-thumbnail","hentry","category-literatur","tag-franz-kafka","tag-miguel-de-cervantes"],"_links":{"self":[{"href":"http:\/\/www.editiondaslabor.de\/blog\/wp-json\/wp\/v2\/posts\/78587","targetHints":{"allow":["GET"]}}],"collection":[{"href":"http:\/\/www.editiondaslabor.de\/blog\/wp-json\/wp\/v2\/posts"}],"about":[{"href":"http:\/\/www.editiondaslabor.de\/blog\/wp-json\/wp\/v2\/types\/post"}],"author":[{"embeddable":true,"href":"http:\/\/www.editiondaslabor.de\/blog\/wp-json\/wp\/v2\/users\/107"}],"replies":[{"embeddable":true,"href":"http:\/\/www.editiondaslabor.de\/blog\/wp-json\/wp\/v2\/comments?post=78587"}],"version-history":[{"count":1,"href":"http:\/\/www.editiondaslabor.de\/blog\/wp-json\/wp\/v2\/posts\/78587\/revisions"}],"predecessor-version":[{"id":100592,"href":"http:\/\/www.editiondaslabor.de\/blog\/wp-json\/wp\/v2\/posts\/78587\/revisions\/100592"}],"wp:featuredmedia":[{"embeddable":true,"href":"http:\/\/www.editiondaslabor.de\/blog\/wp-json\/wp\/v2\/media\/99615"}],"wp:attachment":[{"href":"http:\/\/www.editiondaslabor.de\/blog\/wp-json\/wp\/v2\/media?parent=78587"}],"wp:term":[{"taxonomy":"category","embeddable":true,"href":"http:\/\/www.editiondaslabor.de\/blog\/wp-json\/wp\/v2\/categories?post=78587"},{"taxonomy":"post_tag","embeddable":true,"href":"http:\/\/www.editiondaslabor.de\/blog\/wp-json\/wp\/v2\/tags?post=78587"}],"curies":[{"name":"wp","href":"https:\/\/api.w.org\/{rel}","templated":true}]}}