{"id":78425,"date":"2009-06-24T00:01:08","date_gmt":"2009-06-23T22:01:08","guid":{"rendered":"http:\/\/www.editiondaslabor.de\/blog\/?p=78425"},"modified":"2021-10-12T16:48:01","modified_gmt":"2021-10-12T14:48:01","slug":"rueckbesinnung-auf-handwerkliches","status":"publish","type":"post","link":"http:\/\/www.editiondaslabor.de\/blog\/2009\/06\/24\/rueckbesinnung-auf-handwerkliches\/","title":{"rendered":"R\u00fcckbesinnung auf Handwerkliches"},"content":{"rendered":"<p>&nbsp;<\/p>\n<div>\n<p style=\"text-align: justify;\">Es bleibt auch abzuwarten, ob R\u00fcckbesinnung auf Handwerkliches den Kunstbegriff und das Kunstgef\u00fchl erweitern hilft, oder ob es Haltsuche bedeutet in haltloser Zeit.<\/p>\n<\/div>\n<p>&nbsp;<\/p>\n<p>&nbsp;<\/p>\n<p style=\"text-align: center;\">***<\/p>\n<p style=\"text-align: justify;\"><strong><a href=\"http:\/\/www.editiondaslabor.de\/blog\/wp-content\/uploads\/2013\/10\/Bergmann.jpg\"><img loading=\"lazy\" decoding=\"async\" class=\"size-medium wp-image-13357 alignleft\" src=\"http:\/\/www.editiondaslabor.de\/blog\/wp-content\/uploads\/2013\/10\/Bergmann-241x300.jpg\" alt=\"\" width=\"241\" height=\"300\" srcset=\"http:\/\/www.editiondaslabor.de\/blog\/wp-content\/uploads\/2013\/10\/Bergmann-241x300.jpg 241w, http:\/\/www.editiondaslabor.de\/blog\/wp-content\/uploads\/2013\/10\/Bergmann.jpg 354w\" sizes=\"auto, (max-width: 241px) 100vw, 241px\" \/><\/a>Weiterf\u00fchrend \u2192<\/strong><\/p>\n<p style=\"text-align: justify;\">Das erste <span style=\"color: #ff0000;\"><a style=\"color: #ff0000;\" href=\"http:\/\/www.editiondaslabor.de\/blog\/2009\/03\/22\/uber-twitteratur\/\">Fazit<\/a><\/span> von Ulrich Bergmann zur <em>Twitteratur<\/em> viel eher skeptisch aus. Er stellte KUNO seine Hypochondrische Aphorismen zur Verf\u00fcgung.\u00a0Zur weiteren Information ein Essay \u00fcber die neue Literaturgattung <span style=\"color: #ff0000;\"><a style=\"color: #ff0000;\" href=\"http:\/\/www.editiondaslabor.de\/blog\/?p=22423\"><em>Twitteratur<\/em><\/a><\/span>.<\/p>\n","protected":false},"excerpt":{"rendered":"<p>&nbsp; Es bleibt auch abzuwarten, ob R\u00fcckbesinnung auf Handwerkliches den Kunstbegriff und das Kunstgef\u00fchl erweitern hilft, oder ob es Haltsuche bedeutet in haltloser Zeit. &nbsp; &nbsp; *** Weiterf\u00fchrend \u2192 Das erste Fazit von Ulrich Bergmann zur Twitteratur viel eher skeptisch&hellip;<\/p>\n<p class=\"more-link-p\"><a class=\"more-link\" href=\"http:\/\/www.editiondaslabor.de\/blog\/2009\/06\/24\/rueckbesinnung-auf-handwerkliches\/\">Read more &rarr;<\/a><\/p>\n","protected":false},"author":41,"featured_media":13352,"comment_status":"closed","ping_status":"closed","sticky":false,"template":"","format":"standard","meta":{"footnotes":""},"categories":[1],"tags":[866],"class_list":["post-78425","post","type-post","status-publish","format-standard","has-post-thumbnail","hentry","category-literatur","tag-ulrich-bergmann"],"_links":{"self":[{"href":"http:\/\/www.editiondaslabor.de\/blog\/wp-json\/wp\/v2\/posts\/78425","targetHints":{"allow":["GET"]}}],"collection":[{"href":"http:\/\/www.editiondaslabor.de\/blog\/wp-json\/wp\/v2\/posts"}],"about":[{"href":"http:\/\/www.editiondaslabor.de\/blog\/wp-json\/wp\/v2\/types\/post"}],"author":[{"embeddable":true,"href":"http:\/\/www.editiondaslabor.de\/blog\/wp-json\/wp\/v2\/users\/41"}],"replies":[{"embeddable":true,"href":"http:\/\/www.editiondaslabor.de\/blog\/wp-json\/wp\/v2\/comments?post=78425"}],"version-history":[{"count":0,"href":"http:\/\/www.editiondaslabor.de\/blog\/wp-json\/wp\/v2\/posts\/78425\/revisions"}],"wp:featuredmedia":[{"embeddable":true,"href":"http:\/\/www.editiondaslabor.de\/blog\/wp-json\/"}],"wp:attachment":[{"href":"http:\/\/www.editiondaslabor.de\/blog\/wp-json\/wp\/v2\/media?parent=78425"}],"wp:term":[{"taxonomy":"category","embeddable":true,"href":"http:\/\/www.editiondaslabor.de\/blog\/wp-json\/wp\/v2\/categories?post=78425"},{"taxonomy":"post_tag","embeddable":true,"href":"http:\/\/www.editiondaslabor.de\/blog\/wp-json\/wp\/v2\/tags?post=78425"}],"curies":[{"name":"wp","href":"https:\/\/api.w.org\/{rel}","templated":true}]}}