{"id":78407,"date":"2020-11-14T00:00:06","date_gmt":"2020-11-13T23:00:06","guid":{"rendered":"http:\/\/www.editiondaslabor.de\/blog\/?p=78407"},"modified":"2022-02-28T13:41:06","modified_gmt":"2022-02-28T12:41:06","slug":"der-fuchs-und-die-spatzen","status":"publish","type":"post","link":"http:\/\/www.editiondaslabor.de\/blog\/2020\/11\/14\/der-fuchs-und-die-spatzen\/","title":{"rendered":"Der Fuchs und die Spatzen"},"content":{"rendered":"<p>&nbsp;<\/p>\n<p style=\"text-align: justify;\">\u201eW\u00f6rter sind Spatzen\u201c, sagte der Fuchs zum Wolf, sagte Kautsky immer wieder, wenn er seine Geschichten erz\u00e4hlte, \u201ewenn sie einmal ausgesprochen sind, kann sie keiner wieder einfangen.\u201c Einer seiner Zuh\u00f6rer aber verstand den Fuchs und die Spatzen nicht, drehte solchen Worten den R\u00fccken zu und starb wenig sp\u00e4ter vereinsamt und verhungert in seiner H\u00f6hle.<\/p>\n<p style=\"text-align: justify;\">Die Fabel hat eine klare Lehre: Der Wolf geht an einem alten arabischen Sprichwort zugrunde. Das kann man als einen Sieg der Philosophie oder der Rhetorik \u00fcber das Leben verstehen, wie man auch sagen k\u00f6nnte, Liebe macht einsam, Dummheit macht hungrig oder L\u00fcgen haben lange Beine. Spatzen sind keine gebratenen Tauben. Die W\u00f6rter auf dem Dach haben kurze Beine. Wenn der Wolf kommt, fliegen sie auf und davon. Alles in allem eine Fabel, wie sie lehrreicher nicht sein kann.<\/p>\n<p>&nbsp;<\/p>\n<p>&nbsp;<\/p>\n<h5><a href=\"http:\/\/www.editiondaslabor.de\/blog\/wp-content\/uploads\/2018\/08\/Bergmann-Erz.Cover_.jpg\"><img loading=\"lazy\" decoding=\"async\" class=\"alignleft wp-image-51248 size-medium\" src=\"http:\/\/www.editiondaslabor.de\/blog\/wp-content\/uploads\/2018\/08\/Bergmann-Erz.Cover_-200x300.jpg\" alt=\"\" width=\"200\" height=\"300\" srcset=\"http:\/\/www.editiondaslabor.de\/blog\/wp-content\/uploads\/2018\/08\/Bergmann-Erz.Cover_-200x300.jpg 200w, http:\/\/www.editiondaslabor.de\/blog\/wp-content\/uploads\/2018\/08\/Bergmann-Erz.Cover_-768x1150.jpg 768w, http:\/\/www.editiondaslabor.de\/blog\/wp-content\/uploads\/2018\/08\/Bergmann-Erz.Cover_-684x1024.jpg 684w, http:\/\/www.editiondaslabor.de\/blog\/wp-content\/uploads\/2018\/08\/Bergmann-Erz.Cover_.jpg 862w\" sizes=\"auto, (max-width: 200px) 100vw, 200px\" \/><\/a>Weiterf\u00fchrend \u2192<\/h5>\n<p style=\"text-align: justify;\">Es ist eine bildungsb\u00fcrgerliche Kurzprosa mit gleichsam eingebauter Kommentarspaltenfunktion, bei der Kurztexte aus dem Zyklus <em>Kritische K\u00f6rper,<\/em> und auch aus der losen Reihe mit dem Titel\u00a0<a href=\"http:\/\/www.editiondaslabor.de\/blog\/?p=40312\"><em>Splitter, nicht einmal Fragmente <\/em><\/a>aufploppen. \u2013 Eine Einf\u00fchrung in\u00a0<em>Schlangegeschichten<\/em>\u00a0von Ulrich Bergmann finden Sie\u00a0<a href=\"http:\/\/www.editiondaslabor.de\/blog\/?p=32773\">hier<\/a>. Lesen Sie auf KUNO zu den\u00a0<em>Arthurgeschichten<\/em> auch den\u00a0<a href=\"http:\/\/www.editiondaslabor.de\/blog\/?p=6837\">Essay<\/a>\u00a0von Holger Benkel, sowie seinen <a href=\"http:\/\/www.editiondaslabor.de\/blog\/?p=15183\">Essay<\/a> zum Zyklus <em>Kritische K\u00f6rper.<\/em><\/p>\n","protected":false},"excerpt":{"rendered":"<p>&nbsp; \u201eW\u00f6rter sind Spatzen\u201c, sagte der Fuchs zum Wolf, sagte Kautsky immer wieder, wenn er seine Geschichten erz\u00e4hlte, \u201ewenn sie einmal ausgesprochen sind, kann sie keiner wieder einfangen.\u201c Einer seiner Zuh\u00f6rer aber verstand den Fuchs und die Spatzen nicht, drehte&hellip;<\/p>\n<p class=\"more-link-p\"><a class=\"more-link\" href=\"http:\/\/www.editiondaslabor.de\/blog\/2020\/11\/14\/der-fuchs-und-die-spatzen\/\">Read more &rarr;<\/a><\/p>\n","protected":false},"author":41,"featured_media":98374,"comment_status":"closed","ping_status":"closed","sticky":false,"template":"","format":"standard","meta":{"footnotes":""},"categories":[1],"tags":[866],"class_list":["post-78407","post","type-post","status-publish","format-standard","has-post-thumbnail","hentry","category-literatur","tag-ulrich-bergmann"],"_links":{"self":[{"href":"http:\/\/www.editiondaslabor.de\/blog\/wp-json\/wp\/v2\/posts\/78407","targetHints":{"allow":["GET"]}}],"collection":[{"href":"http:\/\/www.editiondaslabor.de\/blog\/wp-json\/wp\/v2\/posts"}],"about":[{"href":"http:\/\/www.editiondaslabor.de\/blog\/wp-json\/wp\/v2\/types\/post"}],"author":[{"embeddable":true,"href":"http:\/\/www.editiondaslabor.de\/blog\/wp-json\/wp\/v2\/users\/41"}],"replies":[{"embeddable":true,"href":"http:\/\/www.editiondaslabor.de\/blog\/wp-json\/wp\/v2\/comments?post=78407"}],"version-history":[{"count":1,"href":"http:\/\/www.editiondaslabor.de\/blog\/wp-json\/wp\/v2\/posts\/78407\/revisions"}],"predecessor-version":[{"id":101202,"href":"http:\/\/www.editiondaslabor.de\/blog\/wp-json\/wp\/v2\/posts\/78407\/revisions\/101202"}],"wp:featuredmedia":[{"embeddable":true,"href":"http:\/\/www.editiondaslabor.de\/blog\/wp-json\/wp\/v2\/media\/98374"}],"wp:attachment":[{"href":"http:\/\/www.editiondaslabor.de\/blog\/wp-json\/wp\/v2\/media?parent=78407"}],"wp:term":[{"taxonomy":"category","embeddable":true,"href":"http:\/\/www.editiondaslabor.de\/blog\/wp-json\/wp\/v2\/categories?post=78407"},{"taxonomy":"post_tag","embeddable":true,"href":"http:\/\/www.editiondaslabor.de\/blog\/wp-json\/wp\/v2\/tags?post=78407"}],"curies":[{"name":"wp","href":"https:\/\/api.w.org\/{rel}","templated":true}]}}