{"id":78336,"date":"2011-09-22T00:01:09","date_gmt":"2011-09-21T22:01:09","guid":{"rendered":"http:\/\/www.editiondaslabor.de\/blog\/?p=78336"},"modified":"2021-03-16T12:07:20","modified_gmt":"2021-03-16T11:07:20","slug":"das-quantensystem","status":"publish","type":"post","link":"http:\/\/www.editiondaslabor.de\/blog\/2011\/09\/22\/das-quantensystem\/","title":{"rendered":"Das Quantensystem"},"content":{"rendered":"<p>&nbsp;<\/p>\n<div>\n<p style=\"text-align: justify\"><i>Das Quantensystem<\/i><span class=\"apple-converted-space\">\u00a0<\/span>reflektiert sich nun selbst, es w\u00fcrfelt sich selbst und wird umgekehrte Messapparatur, es existiert also durch sich selbst, es ist sich selbst transzendent, k\u00f6nnte man sagen, und solche Absurdit\u00e4t von Autopoiesis ironisiere ich.<\/p>\n<\/div>\n<p>&nbsp;<\/p>\n<p>&nbsp;<\/p>\n<p style=\"text-align: center\">***<\/p>\n<p style=\"text-align: justify\"><strong><a href=\"http:\/\/www.editiondaslabor.de\/blog\/wp-content\/uploads\/2013\/10\/Bergmann.jpg\"><img loading=\"lazy\" decoding=\"async\" class=\"size-medium wp-image-13357 alignleft\" src=\"http:\/\/www.editiondaslabor.de\/blog\/wp-content\/uploads\/2013\/10\/Bergmann-241x300.jpg\" alt=\"\" width=\"241\" height=\"300\" srcset=\"http:\/\/www.editiondaslabor.de\/blog\/wp-content\/uploads\/2013\/10\/Bergmann-241x300.jpg 241w, http:\/\/www.editiondaslabor.de\/blog\/wp-content\/uploads\/2013\/10\/Bergmann.jpg 354w\" sizes=\"auto, (max-width: 241px) 100vw, 241px\" \/><\/a>Weiterf\u00fchrend \u2192<\/strong><\/p>\n<p style=\"text-align: justify\">Das erste <span style=\"color: #ff0000\"><a style=\"color: #ff0000\" href=\"http:\/\/www.editiondaslabor.de\/blog\/2009\/03\/22\/uber-twitteratur\/\">Fazit<\/a><\/span> von Ulrich Bergmann zur <em>Twitteratur<\/em> viel eher skeptisch aus. Er stellte KUNO seine Hypochondrische Aphorismen zur Verf\u00fcgung.\u00a0Zur weiteren Information ein Essay \u00fcber die neue Literaturgattung <span style=\"color: #ff0000\"><a style=\"color: #ff0000\" href=\"http:\/\/www.editiondaslabor.de\/blog\/?p=22423\"><em>Twitteratur<\/em><\/a><\/span>.<\/p>\n<div style=\"text-align: justify\"><\/div>\n","protected":false},"excerpt":{"rendered":"<p>&nbsp; Das Quantensystem\u00a0reflektiert sich nun selbst, es w\u00fcrfelt sich selbst und wird umgekehrte Messapparatur, es existiert also durch sich selbst, es ist sich selbst transzendent, k\u00f6nnte man sagen, und solche Absurdit\u00e4t von Autopoiesis ironisiere ich. &nbsp; &nbsp; *** Weiterf\u00fchrend \u2192&hellip;<\/p>\n<p class=\"more-link-p\"><a class=\"more-link\" href=\"http:\/\/www.editiondaslabor.de\/blog\/2011\/09\/22\/das-quantensystem\/\">Read more &rarr;<\/a><\/p>\n","protected":false},"author":41,"featured_media":13352,"comment_status":"closed","ping_status":"closed","sticky":false,"template":"","format":"standard","meta":{"footnotes":""},"categories":[1],"tags":[866],"class_list":["post-78336","post","type-post","status-publish","format-standard","has-post-thumbnail","hentry","category-literatur","tag-ulrich-bergmann"],"_links":{"self":[{"href":"http:\/\/www.editiondaslabor.de\/blog\/wp-json\/wp\/v2\/posts\/78336","targetHints":{"allow":["GET"]}}],"collection":[{"href":"http:\/\/www.editiondaslabor.de\/blog\/wp-json\/wp\/v2\/posts"}],"about":[{"href":"http:\/\/www.editiondaslabor.de\/blog\/wp-json\/wp\/v2\/types\/post"}],"author":[{"embeddable":true,"href":"http:\/\/www.editiondaslabor.de\/blog\/wp-json\/wp\/v2\/users\/41"}],"replies":[{"embeddable":true,"href":"http:\/\/www.editiondaslabor.de\/blog\/wp-json\/wp\/v2\/comments?post=78336"}],"version-history":[{"count":0,"href":"http:\/\/www.editiondaslabor.de\/blog\/wp-json\/wp\/v2\/posts\/78336\/revisions"}],"wp:featuredmedia":[{"embeddable":true,"href":"http:\/\/www.editiondaslabor.de\/blog\/wp-json\/"}],"wp:attachment":[{"href":"http:\/\/www.editiondaslabor.de\/blog\/wp-json\/wp\/v2\/media?parent=78336"}],"wp:term":[{"taxonomy":"category","embeddable":true,"href":"http:\/\/www.editiondaslabor.de\/blog\/wp-json\/wp\/v2\/categories?post=78336"},{"taxonomy":"post_tag","embeddable":true,"href":"http:\/\/www.editiondaslabor.de\/blog\/wp-json\/wp\/v2\/tags?post=78336"}],"curies":[{"name":"wp","href":"https:\/\/api.w.org\/{rel}","templated":true}]}}