{"id":77545,"date":"2011-10-12T00:01:14","date_gmt":"2011-10-11T22:01:14","guid":{"rendered":"http:\/\/www.editiondaslabor.de\/blog\/?p=77545"},"modified":"2021-10-26T13:28:28","modified_gmt":"2021-10-26T11:28:28","slug":"die-welt-und-ich","status":"publish","type":"post","link":"http:\/\/www.editiondaslabor.de\/blog\/2011\/10\/12\/die-welt-und-ich\/","title":{"rendered":"Die Welt und ich"},"content":{"rendered":"<p>&nbsp;<\/p>\n<p style=\"text-align: justify;\">Wenn ein Mann die H\u00e4lfte eines Tages in den W\u00e4ldern aus Liebe zu ihnen umhergeht, so ist er in Gefahr, als Bummler angesehen zu werden; aber wenn er seinen ganzen Tag als Spekulant ausn\u00fctzt, jene W\u00e4lder abschert und die Erde vor der Zeit kahl macht, so wird er als flei\u00dfiger und unternehmender B\u00fcrger gesch\u00e4tzt. Als wenn eine Gemeinde kein anderes Interesse an ihren W\u00e4ldern h\u00e4tte, als sie abzuhauen!<\/p>\n<p>&nbsp;<\/p>\n<p>&nbsp;<\/p>\n<p style=\"text-align: center;\">***<\/p>\n<p style=\"text-align: justify;\"><strong><a href=\"http:\/\/www.editiondaslabor.de\/blog\/wp-content\/uploads\/2013\/04\/220px-1854_Walden_byThoreau.jpg\"><img loading=\"lazy\" decoding=\"async\" class=\"alignleft size-full wp-image-14940\" src=\"http:\/\/www.editiondaslabor.de\/blog\/wp-content\/uploads\/2013\/04\/220px-1854_Walden_byThoreau.jpg\" alt=\"\" width=\"220\" height=\"378\" srcset=\"http:\/\/www.editiondaslabor.de\/blog\/wp-content\/uploads\/2013\/04\/220px-1854_Walden_byThoreau.jpg 220w, http:\/\/www.editiondaslabor.de\/blog\/wp-content\/uploads\/2013\/04\/220px-1854_Walden_byThoreau-174x300.jpg 174w\" sizes=\"auto, (max-width: 220px) 100vw, 220px\" \/><\/a><\/strong>Henry David Thoreau gilt als Schriftsteller auch in formaler Hinsicht als eine der markantesten Gestalten der klassischen amerikanischen Literatur. Eine Einf\u00fchrung in Leben und Werk von Gerhard Gutherz findet sich <a href=\"http:\/\/www.editiondaslabor.de\/blog\/1989\/05\/06\/nachdenken-ueber-einen-einsiedler\/\">hier<\/a>. Als sorgf\u00e4ltig feilender Stilist, als hervorragender Sprachk\u00fcnstler hat er durch die f\u00fcr ihn charakteristische Essayform auf Generationen von Schriftstellern anregend gewirkt. Wir begreifen die Gattung des Essays auf KUNO als eine <a href=\"http:\/\/www.editiondaslabor.de\/blog\/2013\/12\/10\/zur-gattung-essay\/\">Versuchsanordnung<\/a>, undogmatisch, subjektiv, experimentell, ergebnisoffen.<\/p>\n<p style=\"text-align: justify;\"><strong>Weiterf\u00fchrend\u00a0\u2192 <\/strong>ein Essay \u00fcber die neue Literaturgattung <a href=\"http:\/\/www.editiondaslabor.de\/blog\/?p=22423\"><em>Twitteratur<\/em><\/a>.<\/p>\n","protected":false},"excerpt":{"rendered":"<p>&nbsp; Wenn ein Mann die H\u00e4lfte eines Tages in den W\u00e4ldern aus Liebe zu ihnen umhergeht, so ist er in Gefahr, als Bummler angesehen zu werden; aber wenn er seinen ganzen Tag als Spekulant ausn\u00fctzt, jene W\u00e4lder abschert und die&hellip;<\/p>\n<p class=\"more-link-p\"><a class=\"more-link\" href=\"http:\/\/www.editiondaslabor.de\/blog\/2011\/10\/12\/die-welt-und-ich\/\">Read more &rarr;<\/a><\/p>\n","protected":false},"author":217,"featured_media":14940,"comment_status":"closed","ping_status":"closed","sticky":false,"template":"","format":"standard","meta":{"footnotes":""},"categories":[1],"tags":[1207],"class_list":["post-77545","post","type-post","status-publish","format-standard","has-post-thumbnail","hentry","category-literatur","tag-henry-david-thoreau"],"_links":{"self":[{"href":"http:\/\/www.editiondaslabor.de\/blog\/wp-json\/wp\/v2\/posts\/77545","targetHints":{"allow":["GET"]}}],"collection":[{"href":"http:\/\/www.editiondaslabor.de\/blog\/wp-json\/wp\/v2\/posts"}],"about":[{"href":"http:\/\/www.editiondaslabor.de\/blog\/wp-json\/wp\/v2\/types\/post"}],"author":[{"embeddable":true,"href":"http:\/\/www.editiondaslabor.de\/blog\/wp-json\/wp\/v2\/users\/217"}],"replies":[{"embeddable":true,"href":"http:\/\/www.editiondaslabor.de\/blog\/wp-json\/wp\/v2\/comments?post=77545"}],"version-history":[{"count":0,"href":"http:\/\/www.editiondaslabor.de\/blog\/wp-json\/wp\/v2\/posts\/77545\/revisions"}],"wp:featuredmedia":[{"embeddable":true,"href":"http:\/\/www.editiondaslabor.de\/blog\/wp-json\/"}],"wp:attachment":[{"href":"http:\/\/www.editiondaslabor.de\/blog\/wp-json\/wp\/v2\/media?parent=77545"}],"wp:term":[{"taxonomy":"category","embeddable":true,"href":"http:\/\/www.editiondaslabor.de\/blog\/wp-json\/wp\/v2\/categories?post=77545"},{"taxonomy":"post_tag","embeddable":true,"href":"http:\/\/www.editiondaslabor.de\/blog\/wp-json\/wp\/v2\/tags?post=77545"}],"curies":[{"name":"wp","href":"https:\/\/api.w.org\/{rel}","templated":true}]}}