{"id":77461,"date":"2024-01-15T00:01:29","date_gmt":"2024-01-14T23:01:29","guid":{"rendered":"http:\/\/www.editiondaslabor.de\/blog\/?p=77461"},"modified":"2022-02-23T17:44:16","modified_gmt":"2022-02-23T16:44:16","slug":"zwei-erschlagene","status":"publish","type":"post","link":"http:\/\/www.editiondaslabor.de\/blog\/2024\/01\/15\/zwei-erschlagene\/","title":{"rendered":"Zwei Erschlagene"},"content":{"rendered":"<p>&nbsp;<\/p>\n<p style=\"text-align: right;\"><span style=\"color: #999999;\">(Liebknecht und Rosa Luxemburg)<\/span><\/p>\n<p><i>Der Garde-Kavallerie-Sch\u00fctzen-Division zu Berlin<\/i><br \/>\n<i>in Liebe und Verehrung<\/i><\/p>\n<p>&nbsp;<\/p>\n<p>M\u00e4rtyrer \u2026? Nein.<\/p>\n<p style=\"text-align: left;\">Aber P\u00f6belsbeute.<\/p>\n<p style=\"text-align: left;\">Sie wagtens. Wie selten ist das heute.<\/p>\n<p style=\"text-align: left;\">Sie packten zu, und sie setzten sich ein:<\/p>\n<p>sie wollten nicht nur Theoretiker sein.<\/p>\n<p>&nbsp;<\/p>\n<p>Er: ein Wirrkopf von mittleren Ma\u00dfen,<\/p>\n<p>er suchte das Menschenheil in den Stra\u00dfen.<\/p>\n<p>Armer Kerl: es liegt nicht da.<\/p>\n<p>Er tat das Seine, wie er es sah.<\/p>\n<p>Er wollte die Unterdr\u00fcckten heben,<\/p>\n<p>er wollte f\u00fcr sie ein menschliches Leben.<\/p>\n<p>Sie haben den Idealisten betrogen,<\/p>\n<p>den Meergott verschlangen die eigenen Wogen.<\/p>\n<p>Sie knackten die Kassen, der Aufruhr tollt \u2013<\/p>\n<p>Armer Kerl, hast du das gewollt?<\/p>\n<p>&nbsp;<\/p>\n<p>Sie: der Mann von den zwei beiden.<\/p>\n<p>Ein Leben voll Hatz und Gef\u00e4ngnisleiden.<\/p>\n<p>Hohn und Spott und schwarz-wei\u00dfe Schikane<\/p>\n<p>und dennoch treu der Fahne, der Fahne!<\/p>\n<p>Und immer wieder: Haft und Gef\u00e4ngnis<\/p>\n<p>und Spitzeljagd und Landratsbedr\u00e4ngnis.<\/p>\n<p>Und immer wieder: Gef\u00e4ngnis und Haft \u2013<\/p>\n<p>Sie hatte die st\u00e4rkste Manneskraft.<\/p>\n<p>&nbsp;<\/p>\n<p>Die Parze des Rinnsteins zerschnitt die F\u00e4den.<\/p>\n<p>Da liegen die beiden am Hotel Eden.<\/p>\n<p>Bestellte Arbeit? Die Bourgeoisie?<\/p>\n<p>So tatkr\u00e4ftig war die gute doch nie \u2026<\/p>\n<p>Wehrlos wurden zwei Menschen erschlagen.<\/p>\n<p>&nbsp;<\/p>\n<p>Und es kreischen Geier die Totenklagen:<\/p>\n<p>Gott sei Dank! Vorbei ist die Not!<\/p>\n<p>\u201eMan schlug\u201c, schreibt einer, \u201edie Galizierin tot.\u201c<\/p>\n<p>Wir atmen auf! Hurra Bourgeoisie!<\/p>\n<p>Jetzt spiele dein Spielchen ohne die!<\/p>\n<p>&nbsp;<\/p>\n<p>Nicht ohne! Man kann die K\u00f6rper zerschneiden.<\/p>\n<p>Aber das eine bleibt von den beiden:<\/p>\n<p>&nbsp;<\/p>\n<p>Wie man sich selber die Treue h\u00e4lt,<\/p>\n<p>wie man gegen eine feindliche Welt<\/p>\n<p>mit reinem Schilde streiten kann,<\/p>\n<p>das vergi\u00dft den Beiden kein ehrlicher Mann!<\/p>\n<p>&nbsp;<\/p>\n<p>Wir sind, wei\u00df Gott, keine Spartakiden.<\/p>\n<p style=\"text-align: left;\">Ehre zwei K\u00e4mpfern!<\/p>\n<p style=\"text-align: right;\">Sie ruhen in Frieden!<\/p>\n<p>&nbsp;<\/p>\n<p>&nbsp;<\/p>\n<p>&nbsp;<\/p>\n<p style=\"text-align: center;\">***<\/p>\n<p style=\"text-align: justify;\"><a href=\"http:\/\/www.editiondaslabor.de\/blog\/wp-content\/uploads\/2009\/03\/Rosa_Luxemburg.jpg\"><img loading=\"lazy\" decoding=\"async\" class=\"size-medium wp-image-77404 alignleft\" src=\"http:\/\/www.editiondaslabor.de\/blog\/wp-content\/uploads\/2009\/03\/Rosa_Luxemburg-198x300.jpg\" alt=\"\" width=\"198\" height=\"300\" srcset=\"http:\/\/www.editiondaslabor.de\/blog\/wp-content\/uploads\/2009\/03\/Rosa_Luxemburg-198x300.jpg 198w, http:\/\/www.editiondaslabor.de\/blog\/wp-content\/uploads\/2009\/03\/Rosa_Luxemburg-260x393.jpg 260w, http:\/\/www.editiondaslabor.de\/blog\/wp-content\/uploads\/2009\/03\/Rosa_Luxemburg-160x242.jpg 160w, http:\/\/www.editiondaslabor.de\/blog\/wp-content\/uploads\/2009\/03\/Rosa_Luxemburg.jpg 440w\" sizes=\"auto, (max-width: 198px) 100vw, 198px\" \/><\/a>Die Liebknecht-Luxemburg-Demonstration ist eine j\u00e4hrliche politische Gro\u00dfdemonstration zum Gedenken an die am 15. Januar 1919 ermordeten revolution\u00e4ren Sozialisten Karl Liebknecht und Rosa Luxemburg. Sie findet j\u00e4hrlich um das Datum ihres Todestages, am zweiten Januarwochenende, in Berlin statt und verl\u00e4uft in der Regel vom Frankfurter Tor bis zur <i>Gedenkst\u00e4tte der Sozialisten<\/i> auf dem Zentralfriedhof Friedrichsfelde.<\/p>\n<p>&nbsp;<\/p>\n","protected":false},"excerpt":{"rendered":"<p>&nbsp; (Liebknecht und Rosa Luxemburg) Der Garde-Kavallerie-Sch\u00fctzen-Division zu Berlin in Liebe und Verehrung &nbsp; M\u00e4rtyrer \u2026? Nein. Aber P\u00f6belsbeute. Sie wagtens. Wie selten ist das heute. Sie packten zu, und sie setzten sich ein: sie wollten nicht nur Theoretiker sein.&hellip;<\/p>\n<p class=\"more-link-p\"><a class=\"more-link\" href=\"http:\/\/www.editiondaslabor.de\/blog\/2024\/01\/15\/zwei-erschlagene\/\">Read more &rarr;<\/a><\/p>\n","protected":false},"author":81,"featured_media":97977,"comment_status":"closed","ping_status":"closed","sticky":false,"template":"","format":"standard","meta":{"footnotes":""},"categories":[1],"tags":[2814,1099,1247],"class_list":["post-77461","post","type-post","status-publish","format-standard","has-post-thumbnail","hentry","category-literatur","tag-karl-liebknecht","tag-kurt-tucholsky","tag-rosa-luxemburg"],"_links":{"self":[{"href":"http:\/\/www.editiondaslabor.de\/blog\/wp-json\/wp\/v2\/posts\/77461","targetHints":{"allow":["GET"]}}],"collection":[{"href":"http:\/\/www.editiondaslabor.de\/blog\/wp-json\/wp\/v2\/posts"}],"about":[{"href":"http:\/\/www.editiondaslabor.de\/blog\/wp-json\/wp\/v2\/types\/post"}],"author":[{"embeddable":true,"href":"http:\/\/www.editiondaslabor.de\/blog\/wp-json\/wp\/v2\/users\/81"}],"replies":[{"embeddable":true,"href":"http:\/\/www.editiondaslabor.de\/blog\/wp-json\/wp\/v2\/comments?post=77461"}],"version-history":[{"count":1,"href":"http:\/\/www.editiondaslabor.de\/blog\/wp-json\/wp\/v2\/posts\/77461\/revisions"}],"predecessor-version":[{"id":100050,"href":"http:\/\/www.editiondaslabor.de\/blog\/wp-json\/wp\/v2\/posts\/77461\/revisions\/100050"}],"wp:featuredmedia":[{"embeddable":true,"href":"http:\/\/www.editiondaslabor.de\/blog\/wp-json\/wp\/v2\/media\/97977"}],"wp:attachment":[{"href":"http:\/\/www.editiondaslabor.de\/blog\/wp-json\/wp\/v2\/media?parent=77461"}],"wp:term":[{"taxonomy":"category","embeddable":true,"href":"http:\/\/www.editiondaslabor.de\/blog\/wp-json\/wp\/v2\/categories?post=77461"},{"taxonomy":"post_tag","embeddable":true,"href":"http:\/\/www.editiondaslabor.de\/blog\/wp-json\/wp\/v2\/tags?post=77461"}],"curies":[{"name":"wp","href":"https:\/\/api.w.org\/{rel}","templated":true}]}}