{"id":77416,"date":"2014-03-05T00:01:15","date_gmt":"2014-03-04T23:01:15","guid":{"rendered":"http:\/\/www.editiondaslabor.de\/blog\/?p=77416"},"modified":"2021-03-05T10:34:25","modified_gmt":"2021-03-05T09:34:25","slug":"mensch-sein-ist-vor-allem-die-hauptsache","status":"publish","type":"post","link":"http:\/\/www.editiondaslabor.de\/blog\/2014\/03\/05\/mensch-sein-ist-vor-allem-die-hauptsache\/","title":{"rendered":"Mensch sein ist vor allem die Hauptsache"},"content":{"rendered":"<p>&nbsp;<\/p>\n<p style=\"text-align: justify\">Mensch sein ist vor allem die Hauptsache. Und das hei\u00dft: fest und klar und heiter sein, ja heiter trotz alledem und alledem, denn das Heulen ist Gesch\u00e4ft der Schw\u00e4che.<\/p>\n<p>&nbsp;<\/p>\n<p>&nbsp;<\/p>\n<p style=\"text-align: center\">***<\/p>\n<p style=\"text-align: justify\"><a href=\"http:\/\/www.editiondaslabor.de\/blog\/wp-content\/uploads\/2009\/03\/Rosa_Luxemburg.jpg\"><img loading=\"lazy\" decoding=\"async\" class=\"size-medium wp-image-77404 alignleft\" src=\"http:\/\/www.editiondaslabor.de\/blog\/wp-content\/uploads\/2009\/03\/Rosa_Luxemburg-198x300.jpg\" alt=\"\" width=\"198\" height=\"300\" srcset=\"http:\/\/www.editiondaslabor.de\/blog\/wp-content\/uploads\/2009\/03\/Rosa_Luxemburg-198x300.jpg 198w, http:\/\/www.editiondaslabor.de\/blog\/wp-content\/uploads\/2009\/03\/Rosa_Luxemburg-260x393.jpg 260w, http:\/\/www.editiondaslabor.de\/blog\/wp-content\/uploads\/2009\/03\/Rosa_Luxemburg-160x242.jpg 160w, http:\/\/www.editiondaslabor.de\/blog\/wp-content\/uploads\/2009\/03\/Rosa_Luxemburg.jpg 440w\" sizes=\"auto, (max-width: 198px) 100vw, 198px\" \/><\/a>KUNO nimmt Rosa Luxemburg beim Wort und versucht in diesem Online-Magazin auch \u00fcberkommene literarische Formen neu zu denken.<\/p>\n<p style=\"text-align: justify\"><strong>Weiterf\u00fchrend \u2192<\/strong><\/p>\n<p style=\"text-align: justify\">Ein Essay \u00fcber die neue Literaturgattung <a href=\"http:\/\/www.editiondaslabor.de\/blog\/?p=22423\"><em>Twitteratur<\/em><\/a>.<\/p>\n","protected":false},"excerpt":{"rendered":"<p>&nbsp; Mensch sein ist vor allem die Hauptsache. Und das hei\u00dft: fest und klar und heiter sein, ja heiter trotz alledem und alledem, denn das Heulen ist Gesch\u00e4ft der Schw\u00e4che. &nbsp; &nbsp; *** KUNO nimmt Rosa Luxemburg beim Wort und&hellip;<\/p>\n<p class=\"more-link-p\"><a class=\"more-link\" href=\"http:\/\/www.editiondaslabor.de\/blog\/2014\/03\/05\/mensch-sein-ist-vor-allem-die-hauptsache\/\">Read more &rarr;<\/a><\/p>\n","protected":false},"author":216,"featured_media":77404,"comment_status":"closed","ping_status":"closed","sticky":false,"template":"","format":"standard","meta":{"footnotes":""},"categories":[1],"tags":[1247],"class_list":["post-77416","post","type-post","status-publish","format-standard","has-post-thumbnail","hentry","category-literatur","tag-rosa-luxemburg"],"_links":{"self":[{"href":"http:\/\/www.editiondaslabor.de\/blog\/wp-json\/wp\/v2\/posts\/77416","targetHints":{"allow":["GET"]}}],"collection":[{"href":"http:\/\/www.editiondaslabor.de\/blog\/wp-json\/wp\/v2\/posts"}],"about":[{"href":"http:\/\/www.editiondaslabor.de\/blog\/wp-json\/wp\/v2\/types\/post"}],"author":[{"embeddable":true,"href":"http:\/\/www.editiondaslabor.de\/blog\/wp-json\/wp\/v2\/users\/216"}],"replies":[{"embeddable":true,"href":"http:\/\/www.editiondaslabor.de\/blog\/wp-json\/wp\/v2\/comments?post=77416"}],"version-history":[{"count":0,"href":"http:\/\/www.editiondaslabor.de\/blog\/wp-json\/wp\/v2\/posts\/77416\/revisions"}],"wp:featuredmedia":[{"embeddable":true,"href":"http:\/\/www.editiondaslabor.de\/blog\/wp-json\/"}],"wp:attachment":[{"href":"http:\/\/www.editiondaslabor.de\/blog\/wp-json\/wp\/v2\/media?parent=77416"}],"wp:term":[{"taxonomy":"category","embeddable":true,"href":"http:\/\/www.editiondaslabor.de\/blog\/wp-json\/wp\/v2\/categories?post=77416"},{"taxonomy":"post_tag","embeddable":true,"href":"http:\/\/www.editiondaslabor.de\/blog\/wp-json\/wp\/v2\/tags?post=77416"}],"curies":[{"name":"wp","href":"https:\/\/api.w.org\/{rel}","templated":true}]}}