{"id":77194,"date":"2014-03-25T00:01:50","date_gmt":"2014-03-24T23:01:50","guid":{"rendered":"http:\/\/www.editiondaslabor.de\/blog\/?p=77194"},"modified":"2022-02-24T11:09:28","modified_gmt":"2022-02-24T10:09:28","slug":"geschaeftigkeit","status":"publish","type":"post","link":"http:\/\/www.editiondaslabor.de\/blog\/2014\/03\/25\/geschaeftigkeit\/","title":{"rendered":"Gesch\u00e4ftigkeit"},"content":{"rendered":"<p>&nbsp;<\/p>\n<p style=\"text-align: justify;\">Menschen, die zum Handeln, zur Gesch\u00e4ftigkeit geboren sind, k\u00f6nnen nicht fr\u00fch genug alles selbst betrachten und beleben.<\/p>\n<p>&nbsp;<\/p>\n<p>&nbsp;<\/p>\n<p style=\"text-align: center;\">***<\/p>\n<p style=\"text-align: justify;\"><strong><img loading=\"lazy\" decoding=\"async\" class=\"alignleft size-full wp-image-99790\" src=\"http:\/\/www.editiondaslabor.de\/blog\/wp-content\/uploads\/2025\/05\/Novalis-e1645610465288.jpg\" alt=\"\" width=\"281\" height=\"300\" \/>Weiterf\u00fchrend <\/strong><strong>\u2192\u00a0<\/strong><\/p>\n<p style=\"text-align: justify;\">Die <a href=\"http:\/\/www.editiondaslabor.de\/blog\/2009\/03\/25\/bluthenstaub\/\">Bl\u00fcthenstaub-Fragmente<\/a> von Novalis dienten KUNO in 2009 als Leitmotiv von dem ausgehend wir die wichtigsten Stationen der Twitteratur aufzeigten. Friedrich von Hardenberg demonstrierte auf, da\u00df die Erfahrungen von Grenz\u00fcberschreitungen ausserordentlich wichtig sind. Zwar ist klar, da\u00df das Unbedingte grunds\u00e4tzlich nicht zu finden ist, aber im Aphorismus scheint es sich doch f\u00fcr einen Moment auf.<\/p>\n<p style=\"text-align: justify;\"><strong>\u2192 <\/strong>Ein Essay \u00fcber die neue Literaturgattung <a href=\"http:\/\/www.editiondaslabor.de\/blog\/?p=22423\"><em>Twitteratur<\/em><\/a>.<\/p>\n<div>\n<p style=\"text-align: justify;\">\n<\/div>\n","protected":false},"excerpt":{"rendered":"<p>&nbsp; Menschen, die zum Handeln, zur Gesch\u00e4ftigkeit geboren sind, k\u00f6nnen nicht fr\u00fch genug alles selbst betrachten und beleben. &nbsp; &nbsp; *** Weiterf\u00fchrend \u2192\u00a0 Die Bl\u00fcthenstaub-Fragmente von Novalis dienten KUNO in 2009 als Leitmotiv von dem ausgehend wir die wichtigsten Stationen&hellip;<\/p>\n<p class=\"more-link-p\"><a class=\"more-link\" href=\"http:\/\/www.editiondaslabor.de\/blog\/2014\/03\/25\/geschaeftigkeit\/\">Read more &rarr;<\/a><\/p>\n","protected":false},"author":79,"featured_media":99790,"comment_status":"closed","ping_status":"closed","sticky":false,"template":"","format":"standard","meta":{"footnotes":""},"categories":[1],"tags":[434],"class_list":["post-77194","post","type-post","status-publish","format-standard","has-post-thumbnail","hentry","category-literatur","tag-novalis"],"_links":{"self":[{"href":"http:\/\/www.editiondaslabor.de\/blog\/wp-json\/wp\/v2\/posts\/77194","targetHints":{"allow":["GET"]}}],"collection":[{"href":"http:\/\/www.editiondaslabor.de\/blog\/wp-json\/wp\/v2\/posts"}],"about":[{"href":"http:\/\/www.editiondaslabor.de\/blog\/wp-json\/wp\/v2\/types\/post"}],"author":[{"embeddable":true,"href":"http:\/\/www.editiondaslabor.de\/blog\/wp-json\/wp\/v2\/users\/79"}],"replies":[{"embeddable":true,"href":"http:\/\/www.editiondaslabor.de\/blog\/wp-json\/wp\/v2\/comments?post=77194"}],"version-history":[{"count":2,"href":"http:\/\/www.editiondaslabor.de\/blog\/wp-json\/wp\/v2\/posts\/77194\/revisions"}],"predecessor-version":[{"id":100126,"href":"http:\/\/www.editiondaslabor.de\/blog\/wp-json\/wp\/v2\/posts\/77194\/revisions\/100126"}],"wp:featuredmedia":[{"embeddable":true,"href":"http:\/\/www.editiondaslabor.de\/blog\/wp-json\/wp\/v2\/media\/99790"}],"wp:attachment":[{"href":"http:\/\/www.editiondaslabor.de\/blog\/wp-json\/wp\/v2\/media?parent=77194"}],"wp:term":[{"taxonomy":"category","embeddable":true,"href":"http:\/\/www.editiondaslabor.de\/blog\/wp-json\/wp\/v2\/categories?post=77194"},{"taxonomy":"post_tag","embeddable":true,"href":"http:\/\/www.editiondaslabor.de\/blog\/wp-json\/wp\/v2\/tags?post=77194"}],"curies":[{"name":"wp","href":"https:\/\/api.w.org\/{rel}","templated":true}]}}