{"id":7654,"date":"2012-09-15T00:30:51","date_gmt":"2012-09-14T22:30:51","guid":{"rendered":"http:\/\/www.editiondaslabor.de\/blog\/?p=7654"},"modified":"2018-03-16T19:47:25","modified_gmt":"2018-03-16T18:47:25","slug":"wie-kann-das-sein","status":"publish","type":"post","link":"http:\/\/www.editiondaslabor.de\/blog\/2012\/09\/15\/wie-kann-das-sein\/","title":{"rendered":"Pariser Platz (Hannover)"},"content":{"rendered":"<p>wir geh\u00f6ren uns nicht:<\/p>\n<p>alternden Wohnungsbesitzerinnen vielleicht<\/p>\n<p>mit Schildkr\u00f6tenh\u00e4lsen, die uns auf einen Kaffee<\/p>\n<p>in ihre vermoderten Wohnungen locken<\/p>\n<p>selbst aber in einer Zigarettenschachtel hausen<\/p>\n<p>&nbsp;<\/p>\n<p>Du willst mir nicht glauben, dass das der Pariser Platz ist<\/p>\n<p>k\u00fcmmerst dich f\u00fcrsorglich um den Abfall meiner Schutzbleche<\/p>\n<p>&nbsp;<\/p>\n<p>wir haben ein kleines Kind<\/p>\n<p>in einer viel zu weiten wei\u00dfen Strumpfhose<\/p>\n<p>die Besitzerin vom Second-Hand-Laden wei\u00df, dass es ein Geschenk werden soll<\/p>\n<p>f\u00fcr den Handwerker, der keinen Hintern in der Hose hat<\/p>\n<p>daf\u00fcr aber jede Menge Zeit<\/p>\n<p>&nbsp;<\/p>\n<p>nach Paris? aufs Land! aufs Land!<\/p>\n<p>&nbsp;<\/p>\n<p>&nbsp;<\/p>\n<p>(Die Gruppenausstellung <a href=\"http:\/\/www.editiondaslabor.de\/blog\/?p=7486\">&#8222;Haus im Haus&#8220;<\/a>, zu der dieses Gedicht geh\u00f6rt, ist vom 22.09.2012 bis 07.10.2012 im Kloster Marienwerder zu sehen. Vernissage heute, 16 Uhr.)<\/p>\n<div id=\"attachment_7699\" style=\"width: 310px\" class=\"wp-caption alignleft\"><a href=\"http:\/\/www.editiondaslabor.de\/blog\/wp-content\/uploads\/2012\/09\/platz1.jpg\"><img loading=\"lazy\" decoding=\"async\" aria-describedby=\"caption-attachment-7699\" class=\"size-medium wp-image-7699\" src=\"http:\/\/www.editiondaslabor.de\/blog\/wp-content\/uploads\/2012\/09\/platz1-300x175.jpg\" alt=\"Pariser Platz\" width=\"300\" height=\"175\" srcset=\"http:\/\/www.editiondaslabor.de\/blog\/wp-content\/uploads\/2012\/09\/platz1-300x175.jpg 300w, http:\/\/www.editiondaslabor.de\/blog\/wp-content\/uploads\/2012\/09\/platz1.jpg 625w\" sizes=\"auto, (max-width: 300px) 100vw, 300px\" \/><\/a><p id=\"caption-attachment-7699\" class=\"wp-caption-text\">Pariser Platz (google.maps)<\/p><\/div>\n<p>&nbsp;<\/p>\n<p>&nbsp;<\/p>\n<p>&nbsp;<\/p>\n<p>&nbsp;<\/p>\n<p>&nbsp;<\/p>\n<p>&nbsp;<\/p>\n<p>&nbsp;<\/p>\n<p>&nbsp;<\/p>\n<p>&nbsp;<\/p>\n<p>&nbsp;<\/p>\n","protected":false},"excerpt":{"rendered":"<p>wir geh\u00f6ren uns nicht: alternden Wohnungsbesitzerinnen vielleicht mit Schildkr\u00f6tenh\u00e4lsen, die uns auf einen Kaffee in ihre vermoderten Wohnungen locken selbst aber in einer Zigarettenschachtel hausen &nbsp; Du willst mir nicht glauben, dass das der Pariser Platz ist k\u00fcmmerst dich f\u00fcrsorglich&hellip;<\/p>\n<p class=\"more-link-p\"><a class=\"more-link\" href=\"http:\/\/www.editiondaslabor.de\/blog\/2012\/09\/15\/wie-kann-das-sein\/\">Read more &rarr;<\/a><\/p>\n","protected":false},"author":22,"featured_media":7695,"comment_status":"open","ping_status":"open","sticky":false,"template":"","format":"standard","meta":{"footnotes":""},"categories":[1],"tags":[],"class_list":["post-7654","post","type-post","status-publish","format-standard","has-post-thumbnail","hentry","category-literatur"],"_links":{"self":[{"href":"http:\/\/www.editiondaslabor.de\/blog\/wp-json\/wp\/v2\/posts\/7654","targetHints":{"allow":["GET"]}}],"collection":[{"href":"http:\/\/www.editiondaslabor.de\/blog\/wp-json\/wp\/v2\/posts"}],"about":[{"href":"http:\/\/www.editiondaslabor.de\/blog\/wp-json\/wp\/v2\/types\/post"}],"author":[{"embeddable":true,"href":"http:\/\/www.editiondaslabor.de\/blog\/wp-json\/wp\/v2\/users\/22"}],"replies":[{"embeddable":true,"href":"http:\/\/www.editiondaslabor.de\/blog\/wp-json\/wp\/v2\/comments?post=7654"}],"version-history":[{"count":0,"href":"http:\/\/www.editiondaslabor.de\/blog\/wp-json\/wp\/v2\/posts\/7654\/revisions"}],"wp:featuredmedia":[{"embeddable":true,"href":"http:\/\/www.editiondaslabor.de\/blog\/wp-json\/"}],"wp:attachment":[{"href":"http:\/\/www.editiondaslabor.de\/blog\/wp-json\/wp\/v2\/media?parent=7654"}],"wp:term":[{"taxonomy":"category","embeddable":true,"href":"http:\/\/www.editiondaslabor.de\/blog\/wp-json\/wp\/v2\/categories?post=7654"},{"taxonomy":"post_tag","embeddable":true,"href":"http:\/\/www.editiondaslabor.de\/blog\/wp-json\/wp\/v2\/tags?post=7654"}],"curies":[{"name":"wp","href":"https:\/\/api.w.org\/{rel}","templated":true}]}}