{"id":76279,"date":"2010-04-14T00:01:33","date_gmt":"2010-04-13T22:01:33","guid":{"rendered":"http:\/\/www.editiondaslabor.de\/blog\/?p=76279"},"modified":"2021-01-23T07:01:01","modified_gmt":"2021-01-23T06:01:01","slug":"frau-pillemann","status":"publish","type":"post","link":"http:\/\/www.editiondaslabor.de\/blog\/2010\/04\/14\/frau-pillemann\/","title":{"rendered":"Frau Pillemann"},"content":{"rendered":"<p><a href=\"http:\/\/www.editiondaslabor.de\/blog\/wp-content\/uploads\/2021\/01\/FrauPillemann.jpg\"><img loading=\"lazy\" decoding=\"async\" class=\"alignnone wp-image-76280 size-full\" src=\"http:\/\/www.editiondaslabor.de\/blog\/wp-content\/uploads\/2021\/01\/FrauPillemann.jpg\" alt=\"\" width=\"1440\" height=\"1036\" srcset=\"http:\/\/www.editiondaslabor.de\/blog\/wp-content\/uploads\/2021\/01\/FrauPillemann.jpg 1440w, http:\/\/www.editiondaslabor.de\/blog\/wp-content\/uploads\/2021\/01\/FrauPillemann-300x216.jpg 300w, http:\/\/www.editiondaslabor.de\/blog\/wp-content\/uploads\/2021\/01\/FrauPillemann-1024x737.jpg 1024w, http:\/\/www.editiondaslabor.de\/blog\/wp-content\/uploads\/2021\/01\/FrauPillemann-768x553.jpg 768w, http:\/\/www.editiondaslabor.de\/blog\/wp-content\/uploads\/2021\/01\/FrauPillemann-560x403.jpg 560w, http:\/\/www.editiondaslabor.de\/blog\/wp-content\/uploads\/2021\/01\/FrauPillemann-260x187.jpg 260w, http:\/\/www.editiondaslabor.de\/blog\/wp-content\/uploads\/2021\/01\/FrauPillemann-160x115.jpg 160w\" sizes=\"auto, (max-width: 1440px) 100vw, 1440px\" \/><\/a><\/p>\n<p>&nbsp;<\/p>\n<p style=\"text-align: justify\">Seit der Textsammlung: <em>Twitterature. The World\u2019s Greatest Books Retold Through Twitter<\/em> von Alexander Aciman und Emmet Rensin fragt sich KUNO, wer zu den Vorl\u00e4ufern dieser neuen Literaturgattung geh\u00f6rt. Der Limerick geh\u00f6rt in der parodistischen Version von Eva Kurowski in diese Tradition. Lesen Sie auch das <a href=\"http:\/\/www.editiondaslabor.de\/blog\/?p=26709\">Portr\u00e4t <\/a>der einzigartigen Proletendiva aus dem Ruhrgebeat auf KUNO.<\/p>\n<p style=\"text-align: justify\"><strong>Weiterf\u00fchrend\u00a0<\/strong><strong>\u2192<\/strong> ein Essay \u00fcber die neue Literaturgattung <a href=\"http:\/\/www.editiondaslabor.de\/blog\/?p=22423\"><em>Twitteratur<\/em><\/a>.<\/p>\n<p>&nbsp;<\/p>\n","protected":false},"excerpt":{"rendered":"<p>&nbsp; Seit der Textsammlung: Twitterature. The World\u2019s Greatest Books Retold Through Twitter von Alexander Aciman und Emmet Rensin fragt sich KUNO, wer zu den Vorl\u00e4ufern dieser neuen Literaturgattung geh\u00f6rt. Der Limerick geh\u00f6rt in der parodistischen Version von Eva Kurowski in&hellip;<\/p>\n<p class=\"more-link-p\"><a class=\"more-link\" href=\"http:\/\/www.editiondaslabor.de\/blog\/2010\/04\/14\/frau-pillemann\/\">Read more &rarr;<\/a><\/p>\n","protected":false},"author":139,"featured_media":76280,"comment_status":"closed","ping_status":"closed","sticky":false,"template":"","format":"standard","meta":{"footnotes":""},"categories":[1],"tags":[973],"class_list":["post-76279","post","type-post","status-publish","format-standard","has-post-thumbnail","hentry","category-literatur","tag-eva-kurowski"],"_links":{"self":[{"href":"http:\/\/www.editiondaslabor.de\/blog\/wp-json\/wp\/v2\/posts\/76279","targetHints":{"allow":["GET"]}}],"collection":[{"href":"http:\/\/www.editiondaslabor.de\/blog\/wp-json\/wp\/v2\/posts"}],"about":[{"href":"http:\/\/www.editiondaslabor.de\/blog\/wp-json\/wp\/v2\/types\/post"}],"author":[{"embeddable":true,"href":"http:\/\/www.editiondaslabor.de\/blog\/wp-json\/wp\/v2\/users\/139"}],"replies":[{"embeddable":true,"href":"http:\/\/www.editiondaslabor.de\/blog\/wp-json\/wp\/v2\/comments?post=76279"}],"version-history":[{"count":0,"href":"http:\/\/www.editiondaslabor.de\/blog\/wp-json\/wp\/v2\/posts\/76279\/revisions"}],"wp:featuredmedia":[{"embeddable":true,"href":"http:\/\/www.editiondaslabor.de\/blog\/wp-json\/"}],"wp:attachment":[{"href":"http:\/\/www.editiondaslabor.de\/blog\/wp-json\/wp\/v2\/media?parent=76279"}],"wp:term":[{"taxonomy":"category","embeddable":true,"href":"http:\/\/www.editiondaslabor.de\/blog\/wp-json\/wp\/v2\/categories?post=76279"},{"taxonomy":"post_tag","embeddable":true,"href":"http:\/\/www.editiondaslabor.de\/blog\/wp-json\/wp\/v2\/tags?post=76279"}],"curies":[{"name":"wp","href":"https:\/\/api.w.org\/{rel}","templated":true}]}}