{"id":76263,"date":"2011-01-22T00:01:38","date_gmt":"2011-01-21T23:01:38","guid":{"rendered":"http:\/\/www.editiondaslabor.de\/blog\/?p=76263"},"modified":"2022-02-27T12:37:04","modified_gmt":"2022-02-27T11:37:04","slug":"limerick-auf-tom-de-toys","status":"publish","type":"post","link":"http:\/\/www.editiondaslabor.de\/blog\/2011\/01\/22\/limerick-auf-tom-de-toys\/","title":{"rendered":"Limerick auf Tom de Toys"},"content":{"rendered":"<p>&nbsp;<\/p>\n<p>&nbsp;<\/p>\n<p>Es war mal ein K\u00fcnstler aus J\u00fclich,<\/p>\n<p>der kann was, so dacht\u2019 ich, so f\u00fchlt\u2019 ich \u2013<\/p>\n<p>doch er kann nur Gezerve<\/p>\n<p>produzieren mit Verve<\/p>\n<p>und w\u00e4scht seine Gr\u00fctze in Sp\u00fclich<\/p>\n<p>&nbsp;<\/p>\n<p>&nbsp;<\/p>\n<p>&nbsp;<\/p>\n<p>&nbsp;<\/p>\n<p style=\"text-align: justify;\"><a href=\"http:\/\/www.editiondaslabor.de\/blog\/wp-content\/uploads\/2006\/02\/ni-gudix.jpg\"><img loading=\"lazy\" decoding=\"async\" class=\"size-full wp-image-69418 alignleft\" src=\"http:\/\/www.editiondaslabor.de\/blog\/wp-content\/uploads\/2006\/02\/ni-gudix.jpg\" alt=\"\" width=\"239\" height=\"179\" srcset=\"http:\/\/www.editiondaslabor.de\/blog\/wp-content\/uploads\/2006\/02\/ni-gudix.jpg 239w, http:\/\/www.editiondaslabor.de\/blog\/wp-content\/uploads\/2006\/02\/ni-gudix-160x120.jpg 160w\" sizes=\"auto, (max-width: 239px) 100vw, 239px\" \/><\/a>Seit der Textsammlung: <em>Twitterature. The World\u2019s Greatest Books Retold Through Twitter<\/em> von Alexander Aciman und Emmet Rensin fragt sich KUNO, wer zu den Vorl\u00e4ufern dieser neuen Literaturgattung geh\u00f6rt. Der Limerick geh\u00f6rt in der hinreissend parodistischen Version von N\u00ed Gudix in diese Tradition.<\/p>\n<p style=\"text-align: justify;\"><strong>Weiterf\u00fchrend\u00a0<\/strong><strong>\u2192<\/strong> ein Essay \u00fcber die neue Literaturgattung <a href=\"http:\/\/www.editiondaslabor.de\/blog\/?p=22423\"><em>Twitteratur<\/em><\/a>.<\/p>\n","protected":false},"excerpt":{"rendered":"<p>&nbsp; &nbsp; Es war mal ein K\u00fcnstler aus J\u00fclich, der kann was, so dacht\u2019 ich, so f\u00fchlt\u2019 ich \u2013 doch er kann nur Gezerve produzieren mit Verve und w\u00e4scht seine Gr\u00fctze in Sp\u00fclich &nbsp; &nbsp; &nbsp; &nbsp; Seit der Textsammlung:&hellip;<\/p>\n<p class=\"more-link-p\"><a class=\"more-link\" href=\"http:\/\/www.editiondaslabor.de\/blog\/2011\/01\/22\/limerick-auf-tom-de-toys\/\">Read more &rarr;<\/a><\/p>\n","protected":false},"author":207,"featured_media":98312,"comment_status":"closed","ping_status":"closed","sticky":false,"template":"","format":"standard","meta":{"footnotes":""},"categories":[1],"tags":[2608],"class_list":["post-76263","post","type-post","status-publish","format-standard","has-post-thumbnail","hentry","category-literatur","tag-ni-gudix"],"_links":{"self":[{"href":"http:\/\/www.editiondaslabor.de\/blog\/wp-json\/wp\/v2\/posts\/76263","targetHints":{"allow":["GET"]}}],"collection":[{"href":"http:\/\/www.editiondaslabor.de\/blog\/wp-json\/wp\/v2\/posts"}],"about":[{"href":"http:\/\/www.editiondaslabor.de\/blog\/wp-json\/wp\/v2\/types\/post"}],"author":[{"embeddable":true,"href":"http:\/\/www.editiondaslabor.de\/blog\/wp-json\/wp\/v2\/users\/207"}],"replies":[{"embeddable":true,"href":"http:\/\/www.editiondaslabor.de\/blog\/wp-json\/wp\/v2\/comments?post=76263"}],"version-history":[{"count":1,"href":"http:\/\/www.editiondaslabor.de\/blog\/wp-json\/wp\/v2\/posts\/76263\/revisions"}],"predecessor-version":[{"id":100990,"href":"http:\/\/www.editiondaslabor.de\/blog\/wp-json\/wp\/v2\/posts\/76263\/revisions\/100990"}],"wp:featuredmedia":[{"embeddable":true,"href":"http:\/\/www.editiondaslabor.de\/blog\/wp-json\/wp\/v2\/media\/98312"}],"wp:attachment":[{"href":"http:\/\/www.editiondaslabor.de\/blog\/wp-json\/wp\/v2\/media?parent=76263"}],"wp:term":[{"taxonomy":"category","embeddable":true,"href":"http:\/\/www.editiondaslabor.de\/blog\/wp-json\/wp\/v2\/categories?post=76263"},{"taxonomy":"post_tag","embeddable":true,"href":"http:\/\/www.editiondaslabor.de\/blog\/wp-json\/wp\/v2\/tags?post=76263"}],"curies":[{"name":"wp","href":"https:\/\/api.w.org\/{rel}","templated":true}]}}