{"id":76162,"date":"2010-04-10T00:01:13","date_gmt":"2010-04-09T22:01:13","guid":{"rendered":"http:\/\/www.editiondaslabor.de\/blog\/?p=76162"},"modified":"2021-10-25T08:39:21","modified_gmt":"2021-10-25T06:39:21","slug":"katharsis","status":"publish","type":"post","link":"http:\/\/www.editiondaslabor.de\/blog\/2010\/04\/10\/katharsis\/","title":{"rendered":"Katharsis"},"content":{"rendered":"<p>&nbsp;<\/p>\r\n<div class=\"css-901oao r-18jsvk2 r-1qd0xha r-a023e6 r-16dba41 r-ad9z0x r-bcqeeo r-qvutc0\" dir=\"auto\" style=\"text-align: justify;\">\r\n<div class=\"css-1dbjc4n\">\r\n<div class=\"css-1dbjc4n r-156q2ks\">\r\n<div id=\"tweet-text\" class=\"css-901oao r-18jsvk2 r-1qd0xha r-1blvdjr r-16dba41 r-ad9z0x r-bcqeeo r-bnwqim r-qvutc0\" dir=\"auto\" lang=\"de\"><span class=\"css-901oao css-16my406 r-poiln3 r-bcqeeo r-qvutc0\">Katharsis \/ zerbricht die organischen Erinnerungsstrukturen \/ nicht \/ verbrennst du \/ Ph\u00f6nix \/ ein H\u00e4ufchen Schwarz und Grau \/ im Neubeginn wirst du immer wieder du \/ Ph\u00f6nix \/ warum?<\/span><\/div>\r\n<div dir=\"auto\" lang=\"de\">\u00a0<\/div>\r\n<div dir=\"auto\" lang=\"de\">\u00a0<\/div>\r\n<\/div>\r\n<\/div>\r\n<\/div>\r\n<!-- \/wp:post-content -->\r\n\r\n<!-- wp:paragraph {\"align\":\"center\"} -->\r\n<p class=\"has-text-align-center\" style=\"text-align: center;\">***<\/p>\r\n<!-- \/wp:paragraph -->\r\n\r\n<!-- wp:image {\"align\":\"left\",\"linkDestination\":\"custom\"} -->\r\n<div class=\"wp-block-image\" style=\"text-align: justify;\">\r\n<figure class=\"alignleft\"><a href=\"http:\/\/www.editiondaslabor.de\/blog\/wp-admin\/media-upload.php?post_id=47224&amp;type=image&amp;TB_iframe=1\"><img decoding=\"async\" src=\"http:\/\/www.editiondaslabor.de\/blog\/wp-content\/uploads\/2017\/09\/denis-ullrich-e1505157997454.jpg\" alt=\"\" \/><\/a><\/figure>\r\n<\/div>\r\n<!-- \/wp:image -->\r\n\r\n<!-- wp:paragraph -->\r\n<p style=\"text-align: justify;\">Mit seiner\u00a0<em>micropoetry<\/em> gelingt es Denis Ullrich eine \u00fcbernutzte Sprache zu entkernen. Seine vielgestaltigen Texte auf KUNO bewegen sich zwischen Transzendenz und K\u00f6rperlichkeit. Zuweilen hat man den Eindruck, als wollte dieser Autor das ber\u00fchmte Diktum Wittgensteins widerlegen: Wovon man nicht sprechen kann, dar\u00fcber muss man &#8211; nicht schweigen &#8211; sondern dichten! Dieser Autor hinterlies eine <a href=\"http:\/\/www.editiondaslabor.de\/blog\/?p=22423\"><em>Twitteratur<\/em><\/a> bei der weder \u00e4sthetische \u00dcberh\u00f6hung noch schn\u00f6der Realismus infrage kommen.<\/p>\r\n<!-- \/wp:paragraph -->\r\n\r\n<!-- wp:paragraph -->\r\n<p style=\"text-align: justify;\"><strong>Weiterf\u00fchrend\u00a0<\/strong><strong>\u2192\u00a0<\/strong><\/p>\r\n<!-- \/wp:paragraph -->\r\n\r\n<!-- wp:paragraph -->\r\n<p style=\"text-align: justify;\">Denis Ullrichs Essay <a href=\"http:\/\/www.editiondaslabor.de\/blog\/?p=18423\">Sind wir nicht alle ein bisschen COPY &amp; Paste?<\/a> wurde beim KUNO-Essaypreis 2013 mit einer lobenden Erw\u00e4hnung bedacht. Die Begr\u00fcndung findet sich <a href=\"http:\/\/www.editiondaslabor.de\/blog\/?p=12856\">hier<\/a>.\u00a0Die Redaktion verlieh ihm f\u00fcr einen weiteren fulminanten <a href=\"http:\/\/www.editiondaslabor.de\/blog\/?p=26608\">Text<\/a> den KUNO\u2013Essay\u2013Preis 2015.<\/p>\r\n<!-- \/wp:paragraph -->\r\n\r\n<!-- wp:paragraph -->\r\n<p style=\"text-align: justify;\">Lesen Sie bitte auch: <a href=\"http:\/\/www.editiondaslabor.de\/blog\/?p=33429\">Fragmentarischer Versuch einer Prosaverortung<\/a>, den Prosa\u00fcberflug\u00a0<a href=\"http:\/\/www.editiondaslabor.de\/blog\/?p=34426\">Lost in Laberland <\/a>und seinen letzten <a href=\"http:\/\/www.editiondaslabor.de\/blog\/?p=43793\">Rezensionsessay<\/a>.<\/p>","protected":false},"excerpt":{"rendered":"<p>&nbsp; Katharsis \/ zerbricht die organischen Erinnerungsstrukturen \/ nicht \/ verbrennst du \/ Ph\u00f6nix \/ ein H\u00e4ufchen Schwarz und Grau \/ im Neubeginn wirst du immer wieder du \/ Ph\u00f6nix \/ warum? \u00a0 \u00a0 *** Mit seiner\u00a0micropoetry gelingt es Denis&hellip;<\/p>\n<p class=\"more-link-p\"><a class=\"more-link\" href=\"http:\/\/www.editiondaslabor.de\/blog\/2010\/04\/10\/katharsis\/\">Read more &rarr;<\/a><\/p>\n","protected":false},"author":116,"featured_media":44508,"comment_status":"closed","ping_status":"closed","sticky":false,"template":"","format":"standard","meta":{"footnotes":""},"categories":[1],"tags":[1331],"class_list":["post-76162","post","type-post","status-publish","format-standard","has-post-thumbnail","hentry","category-literatur","tag-denis-ullrich"],"_links":{"self":[{"href":"http:\/\/www.editiondaslabor.de\/blog\/wp-json\/wp\/v2\/posts\/76162","targetHints":{"allow":["GET"]}}],"collection":[{"href":"http:\/\/www.editiondaslabor.de\/blog\/wp-json\/wp\/v2\/posts"}],"about":[{"href":"http:\/\/www.editiondaslabor.de\/blog\/wp-json\/wp\/v2\/types\/post"}],"author":[{"embeddable":true,"href":"http:\/\/www.editiondaslabor.de\/blog\/wp-json\/wp\/v2\/users\/116"}],"replies":[{"embeddable":true,"href":"http:\/\/www.editiondaslabor.de\/blog\/wp-json\/wp\/v2\/comments?post=76162"}],"version-history":[{"count":0,"href":"http:\/\/www.editiondaslabor.de\/blog\/wp-json\/wp\/v2\/posts\/76162\/revisions"}],"wp:featuredmedia":[{"embeddable":true,"href":"http:\/\/www.editiondaslabor.de\/blog\/wp-json\/"}],"wp:attachment":[{"href":"http:\/\/www.editiondaslabor.de\/blog\/wp-json\/wp\/v2\/media?parent=76162"}],"wp:term":[{"taxonomy":"category","embeddable":true,"href":"http:\/\/www.editiondaslabor.de\/blog\/wp-json\/wp\/v2\/categories?post=76162"},{"taxonomy":"post_tag","embeddable":true,"href":"http:\/\/www.editiondaslabor.de\/blog\/wp-json\/wp\/v2\/tags?post=76162"}],"curies":[{"name":"wp","href":"https:\/\/api.w.org\/{rel}","templated":true}]}}