{"id":75813,"date":"2009-06-03T00:01:15","date_gmt":"2009-06-02T22:01:15","guid":{"rendered":"http:\/\/www.editiondaslabor.de\/blog\/?p=75813"},"modified":"2021-10-12T16:41:57","modified_gmt":"2021-10-12T14:41:57","slug":"das-glueck","status":"publish","type":"post","link":"http:\/\/www.editiondaslabor.de\/blog\/2009\/06\/03\/das-glueck\/","title":{"rendered":"Das Gl\u00fcck"},"content":{"rendered":"<p>&nbsp;<\/p>\n<p>&nbsp;<\/p>\n<p style=\"text-align: justify;\">Das Gl\u00fcck begreifen, da\u00df der Boden, auf dem du stehst, nicht gr\u00f6\u00dfer sein kann, als die zwei F\u00fc\u00dfe ihn bedecken.<\/p>\n<p>&nbsp;<\/p>\n<p>&nbsp;<\/p>\n<p class=\"has-text-align-center\" style=\"text-align: center;\">***<\/p>\n<div id=\"attachment_20121\" style=\"width: 251px\" class=\"wp-caption alignleft\"><a href=\"http:\/\/www.editiondaslabor.de\/blog\/wp-content\/uploads\/2013\/12\/Franz-Kafka-Fotografie-aus-dem-Atelier-Jacobi-1906.-241x30011.jpg\"><img loading=\"lazy\" decoding=\"async\" aria-describedby=\"caption-attachment-20121\" class=\"size-full wp-image-20121\" src=\"http:\/\/www.editiondaslabor.de\/blog\/wp-content\/uploads\/2013\/12\/Franz-Kafka-Fotografie-aus-dem-Atelier-Jacobi-1906.-241x30011.jpg\" alt=\"\" width=\"241\" height=\"300\" \/><\/a><p id=\"caption-attachment-20121\" class=\"wp-caption-text\">Franz Kafka, Fotografie aus dem Atelier Jacobi 1906<\/p><\/div>\n<p style=\"text-align: justify;\">Franz Kafka neigte zu aphoristischen Gedankensplittern und dem eigenwilligen Aneignen kollektiver, mythischer Diskurse, um einen Prozess der Selbstreflexion in Gang zu setzen, der vom bloss Pers\u00f6nlichen und Privaten abstrahierte und es verbarg. Seine kurzen Texte kann man als Vorform der <em>Twitteratur<\/em> bezeichnen.<\/p>\n<p style=\"text-align: justify;\"><strong>Weiterf\u00fchrend\u00a0\u2192 <\/strong>ein Essay \u00fcber die neue Literaturgattung <a href=\"http:\/\/www.editiondaslabor.de\/blog\/?p=22423\"><em>Twitteratur<\/em><\/a>, sowie ein <a href=\"http:\/\/www.editiondaslabor.de\/blog\/2019\/09\/06\/recap-hungertuchpreis\/\">Recap<\/a> des Hungertuchpreises.<\/p>\n","protected":false},"excerpt":{"rendered":"<p>&nbsp; &nbsp; Das Gl\u00fcck begreifen, da\u00df der Boden, auf dem du stehst, nicht gr\u00f6\u00dfer sein kann, als die zwei F\u00fc\u00dfe ihn bedecken. &nbsp; &nbsp; *** Franz Kafka neigte zu aphoristischen Gedankensplittern und dem eigenwilligen Aneignen kollektiver, mythischer Diskurse, um einen&hellip;<\/p>\n<p class=\"more-link-p\"><a class=\"more-link\" href=\"http:\/\/www.editiondaslabor.de\/blog\/2009\/06\/03\/das-glueck\/\">Read more &rarr;<\/a><\/p>\n","protected":false},"author":107,"featured_media":20121,"comment_status":"closed","ping_status":"closed","sticky":false,"template":"","format":"standard","meta":{"footnotes":""},"categories":[1],"tags":[494],"class_list":["post-75813","post","type-post","status-publish","format-standard","has-post-thumbnail","hentry","category-literatur","tag-franz-kafka"],"_links":{"self":[{"href":"http:\/\/www.editiondaslabor.de\/blog\/wp-json\/wp\/v2\/posts\/75813","targetHints":{"allow":["GET"]}}],"collection":[{"href":"http:\/\/www.editiondaslabor.de\/blog\/wp-json\/wp\/v2\/posts"}],"about":[{"href":"http:\/\/www.editiondaslabor.de\/blog\/wp-json\/wp\/v2\/types\/post"}],"author":[{"embeddable":true,"href":"http:\/\/www.editiondaslabor.de\/blog\/wp-json\/wp\/v2\/users\/107"}],"replies":[{"embeddable":true,"href":"http:\/\/www.editiondaslabor.de\/blog\/wp-json\/wp\/v2\/comments?post=75813"}],"version-history":[{"count":0,"href":"http:\/\/www.editiondaslabor.de\/blog\/wp-json\/wp\/v2\/posts\/75813\/revisions"}],"wp:featuredmedia":[{"embeddable":true,"href":"http:\/\/www.editiondaslabor.de\/blog\/wp-json\/"}],"wp:attachment":[{"href":"http:\/\/www.editiondaslabor.de\/blog\/wp-json\/wp\/v2\/media?parent=75813"}],"wp:term":[{"taxonomy":"category","embeddable":true,"href":"http:\/\/www.editiondaslabor.de\/blog\/wp-json\/wp\/v2\/categories?post=75813"},{"taxonomy":"post_tag","embeddable":true,"href":"http:\/\/www.editiondaslabor.de\/blog\/wp-json\/wp\/v2\/tags?post=75813"}],"curies":[{"name":"wp","href":"https:\/\/api.w.org\/{rel}","templated":true}]}}