{"id":75685,"date":"2017-08-06T00:01:38","date_gmt":"2017-08-05T22:01:38","guid":{"rendered":"http:\/\/www.editiondaslabor.de\/blog\/?p=75685"},"modified":"2021-01-12T06:58:10","modified_gmt":"2021-01-12T05:58:10","slug":"positionen-des-aphorismus","status":"publish","type":"post","link":"http:\/\/www.editiondaslabor.de\/blog\/2017\/08\/06\/positionen-des-aphorismus\/","title":{"rendered":"Positionen des Aphorismus"},"content":{"rendered":"<p>&nbsp;<\/p>\n<p style=\"text-align: justify;\">Die Organisatoren der Aphoristikertreffen in Hattingen, Friedemann Spicker und J\u00fcrgen Wilbert, legen hier zum siebten Mal die Tagungsergeb\u00adnisse vor. Der Vortrag von Friedemann Spicker gibt eine historische Einordnung der drei Positionen; derjenige von Rudolf Kamp beleuchtet Chancen und Grenzen der aphoristischen Kritik, die Vortr\u00e4ge von J\u00fcrgen Werner und Ludger K\u00fchling die Aspekte Weiksheit und Impuls. Im Workshop-Teil werden die drei Moderatoren (Norbert Janowski, Michael Rumpf, Detlef Tr\u00e4bert) zus\u00e4tzlich zu ihren Berichten mit Texten und \u201eeinschl\u00e4gigen\u201c Aphorismen zu \u201eihren\u201c Positionen vorgestellt. Im Anhang sind die Blog-Notizen J\u00fcrgen Werners sowie die Aphorismen-Auswahl Eric Jarosinskis hervorzuheben. Beide bedienen sich mit gro\u00dfem Erfolg der modernen Medien, um ihre Kurzformen zu transportieren. Wie fr\u00fcher folgen Berichte aus den Schullesungen und \u201eeinschl\u00e4gige\u201c Aphorismen der Tagungsteilnehmer. Ferner ist dem Band erstmals eine Liste der in den letzten beiden Jahren erschienenen Aphorismenb\u00e4nde beigegeben. Die Zeichnungen stammen aus dem Nachlass des polnischen K\u00fcnstlers Zygmunt Januszewski, der alle Aphoristikertreffen mit seinem Werk begleitet hat.<\/p>\n<p>&nbsp;<\/p>\n<p style=\"text-align: center;\">***<\/p>\n<p style=\"text-align: justify;\"><strong>Positionen des Aphorismus<\/strong> : Weisheit &#8211; Kritik &#8211; Impuls : Fachbeitr\u00e4ge, Aphorismen, Illustrationen : Dokumentation zum 7. Aphoristikertreffen vom 4. bis 6. November 2016 in Hattingen\/Ruhr \/ herausgegeben von Friedemann Spicker und J\u00fcrgen Wilbert<\/p>\n<p><strong><a href=\"http:\/\/www.editiondaslabor.de\/blog\/wp-content\/uploads\/2017\/08\/brockmeyer_aphorismen_tagungsband_cover_72dpi.jpg\"><img loading=\"lazy\" decoding=\"async\" class=\"alignleft wp-image-75688 size-medium\" src=\"http:\/\/www.editiondaslabor.de\/blog\/wp-content\/uploads\/2017\/08\/brockmeyer_aphorismen_tagungsband_cover_72dpi-186x300.jpg\" alt=\"\" width=\"186\" height=\"300\" srcset=\"http:\/\/www.editiondaslabor.de\/blog\/wp-content\/uploads\/2017\/08\/brockmeyer_aphorismen_tagungsband_cover_72dpi-186x300.jpg 186w, http:\/\/www.editiondaslabor.de\/blog\/wp-content\/uploads\/2017\/08\/brockmeyer_aphorismen_tagungsband_cover_72dpi-260x420.jpg 260w, http:\/\/www.editiondaslabor.de\/blog\/wp-content\/uploads\/2017\/08\/brockmeyer_aphorismen_tagungsband_cover_72dpi-160x258.jpg 160w, http:\/\/www.editiondaslabor.de\/blog\/wp-content\/uploads\/2017\/08\/brockmeyer_aphorismen_tagungsband_cover_72dpi.jpg 460w\" sizes=\"auto, (max-width: 186px) 100vw, 186px\" \/><\/a>Weiterf\u00fchrend\u00a0\u2192 <\/strong>ein Essay \u00fcber die neue Literaturgattung <a href=\"http:\/\/www.editiondaslabor.de\/blog\/?p=22423\"><em>Twitteratur.<\/em><\/a><\/p>\n","protected":false},"excerpt":{"rendered":"<p>&nbsp; Die Organisatoren der Aphoristikertreffen in Hattingen, Friedemann Spicker und J\u00fcrgen Wilbert, legen hier zum siebten Mal die Tagungsergeb\u00adnisse vor. Der Vortrag von Friedemann Spicker gibt eine historische Einordnung der drei Positionen; derjenige von Rudolf Kamp beleuchtet Chancen und Grenzen&hellip;<\/p>\n<p class=\"more-link-p\"><a class=\"more-link\" href=\"http:\/\/www.editiondaslabor.de\/blog\/2017\/08\/06\/positionen-des-aphorismus\/\">Read more &rarr;<\/a><\/p>\n","protected":false},"author":2,"featured_media":75688,"comment_status":"closed","ping_status":"closed","sticky":false,"template":"","format":"standard","meta":{"footnotes":""},"categories":[1],"tags":[613,1542],"class_list":["post-75685","post","type-post","status-publish","format-standard","has-post-thumbnail","hentry","category-literatur","tag-friedemann-spicker","tag-juergen-wilbert"],"_links":{"self":[{"href":"http:\/\/www.editiondaslabor.de\/blog\/wp-json\/wp\/v2\/posts\/75685","targetHints":{"allow":["GET"]}}],"collection":[{"href":"http:\/\/www.editiondaslabor.de\/blog\/wp-json\/wp\/v2\/posts"}],"about":[{"href":"http:\/\/www.editiondaslabor.de\/blog\/wp-json\/wp\/v2\/types\/post"}],"author":[{"embeddable":true,"href":"http:\/\/www.editiondaslabor.de\/blog\/wp-json\/wp\/v2\/users\/2"}],"replies":[{"embeddable":true,"href":"http:\/\/www.editiondaslabor.de\/blog\/wp-json\/wp\/v2\/comments?post=75685"}],"version-history":[{"count":0,"href":"http:\/\/www.editiondaslabor.de\/blog\/wp-json\/wp\/v2\/posts\/75685\/revisions"}],"wp:featuredmedia":[{"embeddable":true,"href":"http:\/\/www.editiondaslabor.de\/blog\/wp-json\/"}],"wp:attachment":[{"href":"http:\/\/www.editiondaslabor.de\/blog\/wp-json\/wp\/v2\/media?parent=75685"}],"wp:term":[{"taxonomy":"category","embeddable":true,"href":"http:\/\/www.editiondaslabor.de\/blog\/wp-json\/wp\/v2\/categories?post=75685"},{"taxonomy":"post_tag","embeddable":true,"href":"http:\/\/www.editiondaslabor.de\/blog\/wp-json\/wp\/v2\/tags?post=75685"}],"curies":[{"name":"wp","href":"https:\/\/api.w.org\/{rel}","templated":true}]}}