{"id":74965,"date":"2017-05-24T00:01:12","date_gmt":"2017-05-23T22:01:12","guid":{"rendered":"http:\/\/www.editiondaslabor.de\/blog\/?p=74965"},"modified":"2021-01-08T14:01:13","modified_gmt":"2021-01-08T13:01:13","slug":"weiss","status":"publish","type":"post","link":"http:\/\/www.editiondaslabor.de\/blog\/2017\/05\/24\/weiss\/","title":{"rendered":"Wei\u00df"},"content":{"rendered":"<p>&nbsp;<\/p>\n<p>&nbsp;<\/p>\n<p>Je nach Wetterlage taucht das Wei\u00df der W\u00e4nde ins Dunkel ab, je nach Tageszeit sowieso.<\/p>\n<p>&nbsp;<\/p>\n<p>&nbsp;<\/p>\n<p style=\"text-align: center\">***<\/p>\n<p><strong>\u00dcber Heblichkeiten, Floskeln und andere Ausrutscher<\/strong>, aus den Notizb\u00fcchern von Herrn Nipp, herausgegeben von Haimo Hieronymus, Edition Das Labor 2017.<\/p>\n<p><a href=\"http:\/\/www.editiondaslabor.de\/blog\/wp-content\/uploads\/2017\/12\/Ueber-Heblichkeiten-e1514538762416.jpeg\"><img loading=\"lazy\" decoding=\"async\" class=\"alignleft size-full wp-image-45679\" src=\"http:\/\/www.editiondaslabor.de\/blog\/wp-content\/uploads\/2017\/12\/Ueber-Heblichkeiten-e1514538762416.jpeg\" alt=\"\" width=\"234\" height=\"322\" \/><\/a><\/p>\n<p><strong>Weiterf\u00fchrend\u00a0<\/strong><strong>\u2192\u00a0<\/strong><\/p>\n<p>Kuno fasst die ersten <a href=\"http:\/\/www.editiondaslabor.de\/blog\/?p=53192\">25 Jahre<\/a> von Herrn Nipp zusammen. Zum Thema K\u00fcnstlerbucher lesen finden Sie hier einen <a href=\"http:\/\/www.editiondaslabor.de\/blog\/?p=12840\">Essay<\/a> sowie ein <a href=\"http:\/\/www.editiondaslabor.de\/blog\/?p=834\">Artikel<\/a> von J.C. Albers. Papier ist autonomes Kunstmaterial, daher ein vertiefendes <a href=\"http:\/\/www.editiondaslabor.de\/blog\/?p=21407\">Kollegengespr\u00e4ch<\/a>mit Haimo Hieronymus \u00fcber Material, Medium und Faszination des Werkstoffs Papier.<\/p>\n<p>Die bibliophilen Kostbarkeiten sind erh\u00e4ltlich \u00fcber die Werkstattgalerie Der Bogen, Tel. 0173 7276421<\/p>\n","protected":false},"excerpt":{"rendered":"<p>&nbsp; &nbsp; Je nach Wetterlage taucht das Wei\u00df der W\u00e4nde ins Dunkel ab, je nach Tageszeit sowieso. &nbsp; &nbsp; *** \u00dcber Heblichkeiten, Floskeln und andere Ausrutscher, aus den Notizb\u00fcchern von Herrn Nipp, herausgegeben von Haimo Hieronymus, Edition Das Labor 2017.&hellip;<\/p>\n<p class=\"more-link-p\"><a class=\"more-link\" href=\"http:\/\/www.editiondaslabor.de\/blog\/2017\/05\/24\/weiss\/\">Read more &rarr;<\/a><\/p>\n","protected":false},"author":161,"featured_media":45679,"comment_status":"closed","ping_status":"closed","sticky":false,"template":"","format":"standard","meta":{"footnotes":""},"categories":[1],"tags":[1334],"class_list":["post-74965","post","type-post","status-publish","format-standard","has-post-thumbnail","hentry","category-literatur","tag-herr-nipp"],"_links":{"self":[{"href":"http:\/\/www.editiondaslabor.de\/blog\/wp-json\/wp\/v2\/posts\/74965","targetHints":{"allow":["GET"]}}],"collection":[{"href":"http:\/\/www.editiondaslabor.de\/blog\/wp-json\/wp\/v2\/posts"}],"about":[{"href":"http:\/\/www.editiondaslabor.de\/blog\/wp-json\/wp\/v2\/types\/post"}],"author":[{"embeddable":true,"href":"http:\/\/www.editiondaslabor.de\/blog\/wp-json\/wp\/v2\/users\/161"}],"replies":[{"embeddable":true,"href":"http:\/\/www.editiondaslabor.de\/blog\/wp-json\/wp\/v2\/comments?post=74965"}],"version-history":[{"count":0,"href":"http:\/\/www.editiondaslabor.de\/blog\/wp-json\/wp\/v2\/posts\/74965\/revisions"}],"wp:featuredmedia":[{"embeddable":true,"href":"http:\/\/www.editiondaslabor.de\/blog\/wp-json\/"}],"wp:attachment":[{"href":"http:\/\/www.editiondaslabor.de\/blog\/wp-json\/wp\/v2\/media?parent=74965"}],"wp:term":[{"taxonomy":"category","embeddable":true,"href":"http:\/\/www.editiondaslabor.de\/blog\/wp-json\/wp\/v2\/categories?post=74965"},{"taxonomy":"post_tag","embeddable":true,"href":"http:\/\/www.editiondaslabor.de\/blog\/wp-json\/wp\/v2\/tags?post=74965"}],"curies":[{"name":"wp","href":"https:\/\/api.w.org\/{rel}","templated":true}]}}