{"id":74827,"date":"2010-01-19T00:01:24","date_gmt":"2010-01-18T23:01:24","guid":{"rendered":"http:\/\/www.editiondaslabor.de\/blog\/?p=74827"},"modified":"2021-10-25T06:51:26","modified_gmt":"2021-10-25T04:51:26","slug":"feuermelder","status":"publish","type":"post","link":"http:\/\/www.editiondaslabor.de\/blog\/2010\/01\/19\/feuermelder\/","title":{"rendered":"FEUERMELDER"},"content":{"rendered":"<p>&nbsp;<\/p>\n<p style=\"text-align: justify;\">Die Vorstellung vom Klassenkampf kann irref\u00fchren. Es handelt sich in ihm nicht um eine Kraftprobe, in der die Frage: wer siegt, wer unterliegt? entschieden w\u00fcrde, nicht um ein Ringen, nach dessen Ausgang es dem Sieger gut, dem Unterlegenen aber schlecht gehen wird. So denken, hei\u00dft die Fakten romantisch vertuschen. Denn mag die Bourgeoisie im Kampfe siegen oder unterliegen, sie bleibt zum Untergange durch die inneren Widerspr\u00fcche, die ihr im Laufe der Entwicklung t\u00f6dlich werden, verurteilt. Die Frage ist nur, ob sie an sich selber oder durch das Proletariat zugrunde geht. Bestand oder das Ende einer dreitausendj\u00e4hrigen Kulturentwicklung werden durch die Antwort darauf entschieden. Geschichte wei\u00df nichts von der schlechten Unendlichkeit im Bilde der beiden ewig ringenden K\u00e4mpfer. Nur in Terminen rechnet der wahre Politiker. Und ist die Abschaffung der Bourgeoisie nicht bis zu einem fast berechenbaren Augenblick der wirtschaftlichen und technischen Entwicklung vollzogen (Inflation und Gaskrieg signalisieren ihn), so ist alles verloren. Bevor der Funke an das Dynamit kommt, mu\u00df die brennende Z\u00fcndschnur durchschnitten werden. Eingriff, Gefahr und Tempo des Politikers sind technisch \u2013 nicht ritterlich.<\/p>\n<p>&nbsp;<\/p>\n<p class=\"has-text-align-center\" style=\"text-align: center;\">***<\/p>\n<p class=\"has-text-align-center\" style=\"text-align: justify;\"><a href=\"http:\/\/www.editiondaslabor.de\/blog\/wp-content\/uploads\/2020\/07\/Einbahnstra\u00dfe.jpg\"><img loading=\"lazy\" decoding=\"async\" class=\"size-medium wp-image-68588 alignleft\" src=\"http:\/\/www.editiondaslabor.de\/blog\/wp-content\/uploads\/2020\/07\/Einbahnstra\u00dfe-223x300.jpg\" alt=\"\" width=\"223\" height=\"300\" srcset=\"http:\/\/www.editiondaslabor.de\/blog\/wp-content\/uploads\/2020\/07\/Einbahnstra\u00dfe-223x300.jpg 223w, http:\/\/www.editiondaslabor.de\/blog\/wp-content\/uploads\/2020\/07\/Einbahnstra\u00dfe-260x350.jpg 260w, http:\/\/www.editiondaslabor.de\/blog\/wp-content\/uploads\/2020\/07\/Einbahnstra\u00dfe-160x216.jpg 160w, http:\/\/www.editiondaslabor.de\/blog\/wp-content\/uploads\/2020\/07\/Einbahnstra\u00dfe.jpg 440w\" sizes=\"auto, (max-width: 223px) 100vw, 223px\" \/><\/a>Die<em> Einbahnstra\u00dfe<\/em> ist eine entscheidende Gelenkstelle in Benjamins Gesamtwerk, in der \u00dcberlegungen des Fr\u00fchwerks transformiert werden, um sie dann in sp\u00e4teren Arbeiten weiterzuf\u00fchren. Dies veranschaulicht insbesondere die 43 Texte umfassende \u00bbNachtragsliste zur Einbahnstra\u00dfe\u00ab, die Benjamin Anfang bis Mitte der drei\u00dfiger Jahre zusammenstellte. Sie wird, neben dem Erstdruck und allen handschriftlichen Vorstufen sowie zeitgen\u00f6ssischen Rezensionen, in der neuen Edition erstmals als Einheit zu lesen sein. Der Kommentar und das Nachwort des Herausgebers machen zudem die Verbindung der einzelnen Texte mit dem Gesamtwerk Benjamins sichtbar und zeigen, inwiefern die <em>Einbahnstra\u00dfe<\/em> die Tradition der europ\u00e4ischen Aphoristik aufgenommen und zugleich erneuert hat.<\/p>\n<p class=\"has-text-align-center\" style=\"text-align: justify;\">Zum 70. Todestag von Walter Benjamin erinnert KUNO undogmatischen Denker und l\u00e4\u00dft die Originalit\u00e4t und Einzigartigkeit seiner Gedanken aufscheinen. Bei KUNO pr\u00e4sentieren wir Essays \u00fcber den Zwischenraum von Denken und Dichten, wobei das Denken von der Sprache kaum zu l\u00f6sen ist. Lesen Sie auch KUNOs <a href=\"http:\/\/www.editiondaslabor.de\/blog\/2013\/12\/10\/zur-gattung-essay\/\">Hommage<\/a> an die Gattung des Essays.<\/p>\n<p style=\"text-align: justify;\"><strong>Weiterf\u00fchrend\u00a0\u2192 <\/strong>ein Essay \u00fcber die neue Literaturgattung <a href=\"http:\/\/www.editiondaslabor.de\/blog\/?p=22423\"><em>Twitteratur<\/em><\/a>.<\/p>\n","protected":false},"excerpt":{"rendered":"<p>&nbsp; Die Vorstellung vom Klassenkampf kann irref\u00fchren. Es handelt sich in ihm nicht um eine Kraftprobe, in der die Frage: wer siegt, wer unterliegt? entschieden w\u00fcrde, nicht um ein Ringen, nach dessen Ausgang es dem Sieger gut, dem Unterlegenen aber&hellip;<\/p>\n<p class=\"more-link-p\"><a class=\"more-link\" href=\"http:\/\/www.editiondaslabor.de\/blog\/2010\/01\/19\/feuermelder\/\">Read more &rarr;<\/a><\/p>\n","protected":false},"author":72,"featured_media":68588,"comment_status":"closed","ping_status":"closed","sticky":false,"template":"","format":"standard","meta":{"footnotes":""},"categories":[1],"tags":[428],"class_list":["post-74827","post","type-post","status-publish","format-standard","has-post-thumbnail","hentry","category-literatur","tag-walter-benjamin"],"_links":{"self":[{"href":"http:\/\/www.editiondaslabor.de\/blog\/wp-json\/wp\/v2\/posts\/74827","targetHints":{"allow":["GET"]}}],"collection":[{"href":"http:\/\/www.editiondaslabor.de\/blog\/wp-json\/wp\/v2\/posts"}],"about":[{"href":"http:\/\/www.editiondaslabor.de\/blog\/wp-json\/wp\/v2\/types\/post"}],"author":[{"embeddable":true,"href":"http:\/\/www.editiondaslabor.de\/blog\/wp-json\/wp\/v2\/users\/72"}],"replies":[{"embeddable":true,"href":"http:\/\/www.editiondaslabor.de\/blog\/wp-json\/wp\/v2\/comments?post=74827"}],"version-history":[{"count":0,"href":"http:\/\/www.editiondaslabor.de\/blog\/wp-json\/wp\/v2\/posts\/74827\/revisions"}],"wp:featuredmedia":[{"embeddable":true,"href":"http:\/\/www.editiondaslabor.de\/blog\/wp-json\/"}],"wp:attachment":[{"href":"http:\/\/www.editiondaslabor.de\/blog\/wp-json\/wp\/v2\/media?parent=74827"}],"wp:term":[{"taxonomy":"category","embeddable":true,"href":"http:\/\/www.editiondaslabor.de\/blog\/wp-json\/wp\/v2\/categories?post=74827"},{"taxonomy":"post_tag","embeddable":true,"href":"http:\/\/www.editiondaslabor.de\/blog\/wp-json\/wp\/v2\/tags?post=74827"}],"curies":[{"name":"wp","href":"https:\/\/api.w.org\/{rel}","templated":true}]}}