{"id":74793,"date":"2010-06-15T00:01:28","date_gmt":"2010-06-14T22:01:28","guid":{"rendered":"http:\/\/www.editiondaslabor.de\/blog\/?p=74793"},"modified":"2021-10-01T11:22:58","modified_gmt":"2021-10-01T09:22:58","slug":"erste-hilfe-2","status":"publish","type":"post","link":"http:\/\/www.editiondaslabor.de\/blog\/2010\/06\/15\/erste-hilfe-2\/","title":{"rendered":"ERSTE HILFE"},"content":{"rendered":"<p>&nbsp;<\/p>\n<p style=\"text-align: justify;\">Ein h\u00f6chst verworrenes Quartier, ein Stra\u00dfennetz, das jahrelang von mir gemieden wurde, ward mir mit einem Schlage \u00fcbersichtlich, als eines Tages ein geliebter Mensch dort einzog. Es war, als sei in seinem Fenster ein Scheinwerfer aufgestellt und zerlege die Gegend mit Lichtb\u00fcscheln.<\/p>\n<p>&nbsp;<\/p>\n<p>&nbsp;<\/p>\n<p class=\"has-text-align-center\" style=\"text-align: center;\">***<\/p>\n<p class=\"has-text-align-center\" style=\"text-align: justify;\"><a href=\"http:\/\/www.editiondaslabor.de\/blog\/wp-content\/uploads\/2020\/07\/Einbahnstra\u00dfe.jpg\"><img loading=\"lazy\" decoding=\"async\" class=\"size-medium wp-image-68588 alignleft\" src=\"http:\/\/www.editiondaslabor.de\/blog\/wp-content\/uploads\/2020\/07\/Einbahnstra\u00dfe-223x300.jpg\" alt=\"\" width=\"223\" height=\"300\" srcset=\"http:\/\/www.editiondaslabor.de\/blog\/wp-content\/uploads\/2020\/07\/Einbahnstra\u00dfe-223x300.jpg 223w, http:\/\/www.editiondaslabor.de\/blog\/wp-content\/uploads\/2020\/07\/Einbahnstra\u00dfe-260x350.jpg 260w, http:\/\/www.editiondaslabor.de\/blog\/wp-content\/uploads\/2020\/07\/Einbahnstra\u00dfe-160x216.jpg 160w, http:\/\/www.editiondaslabor.de\/blog\/wp-content\/uploads\/2020\/07\/Einbahnstra\u00dfe.jpg 440w\" sizes=\"auto, (max-width: 223px) 100vw, 223px\" \/><\/a>Die<em> Einbahnstra\u00dfe<\/em> ist eine entscheidende Gelenkstelle in Benjamins Gesamtwerk, in der \u00dcberlegungen des Fr\u00fchwerks transformiert werden, um sie dann in sp\u00e4teren Arbeiten weiterzuf\u00fchren. Dies veranschaulicht insbesondere die 43 Texte umfassende \u00bbNachtragsliste zur Einbahnstra\u00dfe\u00ab, die Benjamin Anfang bis Mitte der drei\u00dfiger Jahre zusammenstellte. Sie wird, neben dem Erstdruck und allen handschriftlichen Vorstufen sowie zeitgen\u00f6ssischen Rezensionen, in der neuen Edition erstmals als Einheit zu lesen sein. Der Kommentar und das Nachwort des Herausgebers machen zudem die Verbindung der einzelnen Texte mit dem Gesamtwerk Benjamins sichtbar und zeigen, inwiefern die <em>Einbahnstra\u00dfe<\/em> die Tradition der europ\u00e4ischen Aphoristik aufgenommen und zugleich erneuert hat.<\/p>\n<p class=\"has-text-align-center\" style=\"text-align: justify;\">Zum 70. Todestag von Walter Benjamin erinnert KUNO an diesen undogmatischen Denker und l\u00e4\u00dft die Originalit\u00e4t und Einzigartigkeit seiner Gedanken aufscheinen. Bei KUNO pr\u00e4sentieren wir Essays \u00fcber den Zwischenraum von Denken und Dichten, wobei das Denken von der Sprache kaum zu l\u00f6sen ist. Lesen Sie auch KUNOs <a href=\"http:\/\/www.editiondaslabor.de\/blog\/2013\/12\/10\/zur-gattung-essay\/\">Hommage<\/a> an die Gattung des Essays.<\/p>\n<p style=\"text-align: justify;\"><strong>Weiterf\u00fchrend\u00a0\u2192 <\/strong>ein Essay \u00fcber die neue Literaturgattung <a href=\"http:\/\/www.editiondaslabor.de\/blog\/?p=22423\"><em>Twitteratur<\/em><\/a>.<\/p>\n","protected":false},"excerpt":{"rendered":"<p>&nbsp; Ein h\u00f6chst verworrenes Quartier, ein Stra\u00dfennetz, das jahrelang von mir gemieden wurde, ward mir mit einem Schlage \u00fcbersichtlich, als eines Tages ein geliebter Mensch dort einzog. Es war, als sei in seinem Fenster ein Scheinwerfer aufgestellt und zerlege die&hellip;<\/p>\n<p class=\"more-link-p\"><a class=\"more-link\" href=\"http:\/\/www.editiondaslabor.de\/blog\/2010\/06\/15\/erste-hilfe-2\/\">Read more &rarr;<\/a><\/p>\n","protected":false},"author":72,"featured_media":68588,"comment_status":"closed","ping_status":"closed","sticky":false,"template":"","format":"standard","meta":{"footnotes":""},"categories":[1],"tags":[428],"class_list":["post-74793","post","type-post","status-publish","format-standard","has-post-thumbnail","hentry","category-literatur","tag-walter-benjamin"],"_links":{"self":[{"href":"http:\/\/www.editiondaslabor.de\/blog\/wp-json\/wp\/v2\/posts\/74793","targetHints":{"allow":["GET"]}}],"collection":[{"href":"http:\/\/www.editiondaslabor.de\/blog\/wp-json\/wp\/v2\/posts"}],"about":[{"href":"http:\/\/www.editiondaslabor.de\/blog\/wp-json\/wp\/v2\/types\/post"}],"author":[{"embeddable":true,"href":"http:\/\/www.editiondaslabor.de\/blog\/wp-json\/wp\/v2\/users\/72"}],"replies":[{"embeddable":true,"href":"http:\/\/www.editiondaslabor.de\/blog\/wp-json\/wp\/v2\/comments?post=74793"}],"version-history":[{"count":0,"href":"http:\/\/www.editiondaslabor.de\/blog\/wp-json\/wp\/v2\/posts\/74793\/revisions"}],"wp:featuredmedia":[{"embeddable":true,"href":"http:\/\/www.editiondaslabor.de\/blog\/wp-json\/"}],"wp:attachment":[{"href":"http:\/\/www.editiondaslabor.de\/blog\/wp-json\/wp\/v2\/media?parent=74793"}],"wp:term":[{"taxonomy":"category","embeddable":true,"href":"http:\/\/www.editiondaslabor.de\/blog\/wp-json\/wp\/v2\/categories?post=74793"},{"taxonomy":"post_tag","embeddable":true,"href":"http:\/\/www.editiondaslabor.de\/blog\/wp-json\/wp\/v2\/tags?post=74793"}],"curies":[{"name":"wp","href":"https:\/\/api.w.org\/{rel}","templated":true}]}}