{"id":74702,"date":"2011-06-15T00:01:44","date_gmt":"2011-06-14T22:01:44","guid":{"rendered":"http:\/\/www.editiondaslabor.de\/blog\/?p=74702"},"modified":"2021-01-05T14:30:42","modified_gmt":"2021-01-05T13:30:42","slug":"mexikanische-botschaft","status":"publish","type":"post","link":"http:\/\/www.editiondaslabor.de\/blog\/2011\/06\/15\/mexikanische-botschaft\/","title":{"rendered":"MEXIKANISCHE BOTSCHAFT"},"content":{"rendered":"<p>&nbsp;<\/p>\r\n<div align=\"right\"><span style=\"color: #999999;\"><small><i>\u201eJe ne passe jamais devant un f\u00e9tiche de bois, un<br \/>Bouddha dor\u00e9, une idole mexicaine sans me dire: C\u2019est<br \/>peut-\u00eatre le vrai dieu.\u201c \u00a0 \u00a0\u00a0<\/i><\/small><\/span><\/div>\r\n<div align=\"right\"><span style=\"color: #999999;\"><small><i>Charles Baudelaire<\/i><\/small><\/span><\/div>\r\n<p style=\"text-align: justify;\">Mir tr\u00e4umte, als Mitglied einer forschenden Expedition in Mexiko zu sein. Nachdem wir einen hohen Urwald durchmessen hatten, gerieten wir auf ein oberirdisches H\u00f6hlensystem im Gebirge, wo aus der Zeit der ersten Missionare ein Orden sich bis jetzt gehalten hatte, dessen Br\u00fcder unter den Einheimischen das Bekehrungswerk fortsetzten. In einer unerme\u00dflichen und gotisch spitz geschlossenen Mittelgrotte fand Gottesdienst nach dem \u00e4ltesten Ritus statt. Wir traten hinzu und bekamen sein Hauptst\u00fcck zu sehen: gegen ein h\u00f6lzernes Brustbild Gottvaters, das irgendwo an einer H\u00f6hlenwand in gro\u00dfer H\u00f6he angebracht sich zeigte, wurde von einem Priester ein mexikanischer Fetisch erhoben. Da bewegte das Gotteshaupt dreimal verneinend sich von rechts nach links.<\/p>\r\n<p>&nbsp;<\/p>\r\n<p>&nbsp;<\/p>\r\n\r\n\r\n\r\n\r\n\r\n<p class=\"has-text-align-center\" style=\"text-align: center;\">***<\/p>\r\n\r\n\r\n\r\n<div class=\"wp-block-image\">\r\n<figure class=\"alignleft\"><a href=\"http:\/\/www.editiondaslabor.de\/blog\/wp-content\/uploads\/2020\/07\/Einbahnstra\u00dfe.jpg\"><img loading=\"lazy\" decoding=\"async\" class=\"size-medium wp-image-68588 alignleft\" src=\"http:\/\/www.editiondaslabor.de\/blog\/wp-content\/uploads\/2020\/07\/Einbahnstra\u00dfe-223x300.jpg\" alt=\"\" width=\"223\" height=\"300\" srcset=\"http:\/\/www.editiondaslabor.de\/blog\/wp-content\/uploads\/2020\/07\/Einbahnstra\u00dfe-223x300.jpg 223w, http:\/\/www.editiondaslabor.de\/blog\/wp-content\/uploads\/2020\/07\/Einbahnstra\u00dfe-260x350.jpg 260w, http:\/\/www.editiondaslabor.de\/blog\/wp-content\/uploads\/2020\/07\/Einbahnstra\u00dfe-160x216.jpg 160w, http:\/\/www.editiondaslabor.de\/blog\/wp-content\/uploads\/2020\/07\/Einbahnstra\u00dfe.jpg 440w\" sizes=\"auto, (max-width: 223px) 100vw, 223px\" \/><\/a>\r\n<p style=\"text-align: justify;\">Die<em> Einbahnstra\u00dfe<\/em> ist eine entscheidende Gelenkstelle in Benjamins Gesamtwerk, in der \u00dcberlegungen des Fr\u00fchwerks transformiert werden, um sie dann in sp\u00e4teren Arbeiten weiterzuf\u00fchren. Dies veranschaulicht insbesondere die 43 Texte umfassende \u00bbNachtragsliste zur Einbahnstra\u00dfe\u00ab, die Benjamin Anfang bis Mitte der drei\u00dfiger Jahre zusammenstellte.<\/p>\r\n<p style=\"text-align: justify;\">Zum 70. Todestag von Walter Benjamin erinnerte KUNO im letzten Jahr an diesen undogmatischen Denker und l\u00e4\u00dft die Originalit\u00e4t und Einzigartigkeit seiner Gedanken aufscheinen. Bei KUNO pr\u00e4sentieren wir Essays \u00fcber den Zwischenraum von Denken und Dichten, wobei das Denken von der Sprache kaum zu l\u00f6sen ist. Lesen Sie auch KUNOs <a href=\"http:\/\/www.editiondaslabor.de\/blog\/2013\/12\/10\/zur-gattung-essay\/\">Hommage<\/a> an die Gattung des Essays.<\/p>\r\n<p style=\"text-align: justify;\"><strong>Weiterf\u00fchrend\u00a0\u2192 <\/strong>ein Essay \u00fcber die neue Literaturgattung <a href=\"http:\/\/www.editiondaslabor.de\/blog\/?p=22423\"><em>Twitteratur<\/em><\/a>.<\/p>\r\n<\/figure>\r\n<\/div>\r\n","protected":false},"excerpt":{"rendered":"<p>&nbsp; \u201eJe ne passe jamais devant un f\u00e9tiche de bois, unBouddha dor\u00e9, une idole mexicaine sans me dire: C\u2019estpeut-\u00eatre le vrai dieu.\u201c \u00a0 \u00a0\u00a0 Charles Baudelaire Mir tr\u00e4umte, als Mitglied einer forschenden Expedition in Mexiko zu sein. Nachdem wir einen&hellip;<\/p>\n<p class=\"more-link-p\"><a class=\"more-link\" href=\"http:\/\/www.editiondaslabor.de\/blog\/2011\/06\/15\/mexikanische-botschaft\/\">Read more &rarr;<\/a><\/p>\n","protected":false},"author":72,"featured_media":68588,"comment_status":"closed","ping_status":"closed","sticky":false,"template":"","format":"standard","meta":{"footnotes":""},"categories":[1],"tags":[428],"class_list":["post-74702","post","type-post","status-publish","format-standard","has-post-thumbnail","hentry","category-literatur","tag-walter-benjamin"],"_links":{"self":[{"href":"http:\/\/www.editiondaslabor.de\/blog\/wp-json\/wp\/v2\/posts\/74702","targetHints":{"allow":["GET"]}}],"collection":[{"href":"http:\/\/www.editiondaslabor.de\/blog\/wp-json\/wp\/v2\/posts"}],"about":[{"href":"http:\/\/www.editiondaslabor.de\/blog\/wp-json\/wp\/v2\/types\/post"}],"author":[{"embeddable":true,"href":"http:\/\/www.editiondaslabor.de\/blog\/wp-json\/wp\/v2\/users\/72"}],"replies":[{"embeddable":true,"href":"http:\/\/www.editiondaslabor.de\/blog\/wp-json\/wp\/v2\/comments?post=74702"}],"version-history":[{"count":0,"href":"http:\/\/www.editiondaslabor.de\/blog\/wp-json\/wp\/v2\/posts\/74702\/revisions"}],"wp:featuredmedia":[{"embeddable":true,"href":"http:\/\/www.editiondaslabor.de\/blog\/wp-json\/"}],"wp:attachment":[{"href":"http:\/\/www.editiondaslabor.de\/blog\/wp-json\/wp\/v2\/media?parent=74702"}],"wp:term":[{"taxonomy":"category","embeddable":true,"href":"http:\/\/www.editiondaslabor.de\/blog\/wp-json\/wp\/v2\/categories?post=74702"},{"taxonomy":"post_tag","embeddable":true,"href":"http:\/\/www.editiondaslabor.de\/blog\/wp-json\/wp\/v2\/tags?post=74702"}],"curies":[{"name":"wp","href":"https:\/\/api.w.org\/{rel}","templated":true}]}}