{"id":74545,"date":"2024-01-03T00:01:27","date_gmt":"2024-01-02T23:01:27","guid":{"rendered":"http:\/\/www.editiondaslabor.de\/blog\/?p=74545"},"modified":"2024-01-04T11:17:33","modified_gmt":"2024-01-04T10:17:33","slug":"sprachpalette","status":"publish","type":"post","link":"http:\/\/www.editiondaslabor.de\/blog\/2024\/01\/03\/sprachpalette\/","title":{"rendered":"Sprachpalette"},"content":{"rendered":"<p>&nbsp;<\/p>\n<p style=\"text-align: justify;\">Wer A. J. Weigoni durch seine bisherigen B\u00fccher begleitet hat, wird stocken. Er sieht sich einer Sprachkraft gegen\u00fcber, die neu ist, knapp und akzentuiert.<\/p>\n<p style=\"text-align: justify;\">So verschiedenartig die Themen sind, die ihn fordern, so viele Nuancen weist die Sprachpalette auf, derer er sich bedient. Karg, ja unwirsch da, wo er sich beschnitten oder betrogen sieht, leicht und mit- unter wehm\u00fctig da, wo Begegnung oder Erwiderung sp\u00fcrbar wird. Immer aber sp\u00e4hend, analysierend, sezierend.<\/p>\n<p style=\"text-align: justify;\">Ein Ausruhen ist nicht gestattet, Provokationen sind heilsam, der Boden unter unseren F\u00fc\u00dfen mu\u00df nicht tragend sein. Weigoni l\u00e4\u00dft nicht zu, hinterfragt weiter, zweifelt Errungenschaft \u2013 auch und gerade eigene \u2013 an.<\/p>\n<p>&nbsp;<\/p>\n<p>&nbsp;<\/p>\n<p style=\"text-align: center;\">***<\/p>\n<div class=\"page\" title=\"Page 1\">\n<div class=\"section\">\n<div class=\"layoutArea\">\n<div class=\"column\">\n<p style=\"text-align: justify;\"><strong>Leben&#8217;n&#8217;Werk<\/strong>, das lyrische Gesamtwerk von A.J. Weigoni in einer TB-Studienausgabe. Edition das Labor 2021<\/p>\n<div id=\"attachment_74549\" style=\"width: 195px\" class=\"wp-caption alignleft\"><a href=\"http:\/\/www.editiondaslabor.de\/blog\/wp-content\/uploads\/2021\/09\/LebennWerkCover-e1609162912824.jpg\"><img loading=\"lazy\" decoding=\"async\" aria-describedby=\"caption-attachment-74549\" class=\"wp-image-74549 size-medium\" src=\"http:\/\/www.editiondaslabor.de\/blog\/wp-content\/uploads\/2021\/09\/LebennWerkCover-185x300.jpg\" alt=\"\" width=\"185\" height=\"300\" \/><\/a><p id=\"caption-attachment-74549\" class=\"wp-caption-text\">Coverfoto von Leonard Billecke<\/p><\/div>\n<\/div>\n<\/div>\n<\/div>\n<\/div>\n<div class=\"page\" title=\"Page 1\">\n<div class=\"column\" style=\"text-align: justify;\"><strong>Weiterf\u00fchrend \u2192 <\/strong> Jeder Band aus dem <em>Schuber<\/em> von A.J. Weigoni ist ein Sammlerobjekt. Und jedes Titelbild ein Kunstwerk von Haimo Hieronymus. KUNO fasst die <a href=\"http:\/\/www.editiondaslabor.de\/blog\/?p=42570\">Stimmen<\/a> zu dieser verlegerischen Gro\u00dftat zusammen. Last but not least: <a href=\"http:\/\/www.editiondaslabor.de\/blog\/?p=25524\"><em>VerDichtung \u2013 \u00dcber das Verfertigen von Poesie<\/em><\/a>, ein Essay von A.J. Weigoni in dem er dichtungstheoretisch die poetologischen Grunds\u00e4tze seines Schaffens beschreibt. Nachgereicht: A.J. Weigoni geriet nie in die N\u00e4he des Verdachts, eine Autobiographie zu schreiben. Daher versteht KUNO diese <a href=\"http:\/\/www.editiondaslabor.de\/blog\/2023\/01\/18\/die-glueckskatastrophe-des-kuenstlerdaseins\/\">essayistische Hinterlassenschaft<\/a> des Ohryeurs als Liebeserkl\u00e4rung an den H\u00f6rsinn. Und zuletzt bei KUNO, eine Polemik von A.J. Weigoni \u00fcber den Sinn einer <a href=\"http:\/\/www.editiondaslabor.de\/blog\/2015\/02\/07\/bartleby\/\">Lesung<\/a>.<\/div>\n<\/div>\n","protected":false},"excerpt":{"rendered":"<p>&nbsp; Wer A. J. Weigoni durch seine bisherigen B\u00fccher begleitet hat, wird stocken. Er sieht sich einer Sprachkraft gegen\u00fcber, die neu ist, knapp und akzentuiert. So verschiedenartig die Themen sind, die ihn fordern, so viele Nuancen weist die Sprachpalette auf,&hellip;<\/p>\n<p class=\"more-link-p\"><a class=\"more-link\" href=\"http:\/\/www.editiondaslabor.de\/blog\/2024\/01\/03\/sprachpalette\/\">Read more &rarr;<\/a><\/p>\n","protected":false},"author":212,"featured_media":98714,"comment_status":"closed","ping_status":"closed","sticky":false,"template":"","format":"standard","meta":{"footnotes":""},"categories":[1],"tags":[628,2422],"class_list":["post-74545","post","type-post","status-publish","format-standard","has-post-thumbnail","hentry","category-literatur","tag-a-j-weigoni","tag-helmut-lotz"],"_links":{"self":[{"href":"http:\/\/www.editiondaslabor.de\/blog\/wp-json\/wp\/v2\/posts\/74545","targetHints":{"allow":["GET"]}}],"collection":[{"href":"http:\/\/www.editiondaslabor.de\/blog\/wp-json\/wp\/v2\/posts"}],"about":[{"href":"http:\/\/www.editiondaslabor.de\/blog\/wp-json\/wp\/v2\/types\/post"}],"author":[{"embeddable":true,"href":"http:\/\/www.editiondaslabor.de\/blog\/wp-json\/wp\/v2\/users\/212"}],"replies":[{"embeddable":true,"href":"http:\/\/www.editiondaslabor.de\/blog\/wp-json\/wp\/v2\/comments?post=74545"}],"version-history":[{"count":3,"href":"http:\/\/www.editiondaslabor.de\/blog\/wp-json\/wp\/v2\/posts\/74545\/revisions"}],"predecessor-version":[{"id":105203,"href":"http:\/\/www.editiondaslabor.de\/blog\/wp-json\/wp\/v2\/posts\/74545\/revisions\/105203"}],"wp:featuredmedia":[{"embeddable":true,"href":"http:\/\/www.editiondaslabor.de\/blog\/wp-json\/wp\/v2\/media\/98714"}],"wp:attachment":[{"href":"http:\/\/www.editiondaslabor.de\/blog\/wp-json\/wp\/v2\/media?parent=74545"}],"wp:term":[{"taxonomy":"category","embeddable":true,"href":"http:\/\/www.editiondaslabor.de\/blog\/wp-json\/wp\/v2\/categories?post=74545"},{"taxonomy":"post_tag","embeddable":true,"href":"http:\/\/www.editiondaslabor.de\/blog\/wp-json\/wp\/v2\/tags?post=74545"}],"curies":[{"name":"wp","href":"https:\/\/api.w.org\/{rel}","templated":true}]}}