{"id":7357,"date":"2012-09-07T00:57:37","date_gmt":"2012-09-06T22:57:37","guid":{"rendered":"http:\/\/www.editiondaslabor.de\/blog\/?p=7357"},"modified":"2022-04-06T13:50:37","modified_gmt":"2022-04-06T11:50:37","slug":"pla%c2%adtons-mir%c2%adror","status":"publish","type":"post","link":"http:\/\/www.editiondaslabor.de\/blog\/2012\/09\/07\/pla%c2%adtons-mir%c2%adror\/","title":{"rendered":"pla\u00adton\u2019s mir\u00adror"},"content":{"rendered":"<p style=\"text-align: justify;\">Der D\u00fcs\u00adsel\u00addor\u00adfer Me\u00addi\u00aden\u00adk\u00fcnst\u00adler Mi\u00adscha Ku\u00adball ist ei\u00adner der we\u00adni\u00adgen K\u00fcnst\u00adler, der das Licht schon im\u00admer auch in sei\u00adner (ge\u00adsell\u00adschafts-)po\u00adli\u00adti\u00adschen Di\u00admen\u00adsi\u00adon ver\u00adstan\u00adden und es ent\u00adspre\u00adchend in zahl\u00adrei\u00adchen Wer\u00adken und In\u00adstal\u00adla\u00adtio\u00adnen ein\u00adge\u00adsetzt hat. In sei\u00adnem neu\u00aden Aus\u00adstel\u00adlungs-Pro\u00adjekt <em>pla\u00adton\u2019s mir\u00adror<\/em> kom\u00admen dar\u00ad\u00fcber hin\u00adaus zwei wei\u00adte\u00adre As\u00adpek\u00adte hin\u00adzu: ei\u00adne wahr\u00adneh\u00admungs\u00ad\u00e4s\u00adthe\u00adti\u00adsche Kom\u00adpo\u00adnen\u00adte so\u00adwie die M\u00f6g\u00adlich\u00adkei\u00adten ei\u00adner neu\u00adar\u00adti\u00adgen Bild\u00adge\u00adne\u00adrie\u00adrung durch Com\u00adpu\u00adter-Tomogra\u00adfie und den sich dar\u00adaus ab\u00adlei\u00adten\u00adden hoch\u00adak\u00adtu\u00adel\u00adlen Fra\u00adge\u00adstel\u00adlun\u00adgen in und f\u00fcr die Kunst.<\/p>\n<p style=\"text-align: right;\">An\u00addre\u00adas Bei\u00adtin<\/p>\n<p>&nbsp;<\/p>\n<p>&nbsp;<\/p>\n<p style=\"text-align: center;\">***<\/p>\n<p style=\"text-align: justify;\">Heute ab 19.00 Er\u00f6ffnung von &#8222;pla\u00adton\u2019s mir\u00adror&#8220;.<\/p>\n<div id=\"attachment_7360\" style=\"width: 310px\" class=\"wp-caption alignright\"><a href=\"http:\/\/www.editiondaslabor.de\/blog\/wp-content\/uploads\/2012\/09\/image002.jpg\"><img loading=\"lazy\" decoding=\"async\" aria-describedby=\"caption-attachment-7360\" class=\"wp-image-7360 size-medium\" title=\"image002\" src=\"http:\/\/www.editiondaslabor.de\/blog\/wp-content\/uploads\/2012\/09\/image002-300x212.jpg\" alt=\"\" width=\"300\" height=\"212\" srcset=\"http:\/\/www.editiondaslabor.de\/blog\/wp-content\/uploads\/2012\/09\/image002-300x212.jpg 300w, http:\/\/www.editiondaslabor.de\/blog\/wp-content\/uploads\/2012\/09\/image002.jpg 705w\" sizes=\"auto, (max-width: 300px) 100vw, 300px\" \/><\/a><p id=\"caption-attachment-7360\" class=\"wp-caption-text\">Bild: Archiv Mischa Kuball, D\u00fcsseldorf<\/p><\/div>\n<p style=\"text-align: justify;\">Dauer der Ausstellung: 8. \u2013 16. SEP\u00adTEM\u00adBER 2012 in der Kunsthalle D\u00fcsseldorf. Die Aus\u00adstel\u00adlung Mi\u00adscha Ku\u00adball: pla\u00adton&#8217;s mir\u00adror hat\u00adte den Auf\u00adtakt zu ei\u00adner in\u00adter\u00adna\u00adtio\u00adna\u00adlen Tour\u00adnee mit ins\u00adge\u00adsamt ca. 15 Sta\u00adtio\u00adnen im ZKM Karls\u00adru\u00adhe. Die Rea\u00adli\u00adsie\u00adrung fin\u00addet in Ko\u00adope\u00adra\u00adti\u00adon mit dem Goe\u00adthe-In\u00adsti\u00adtut statt.<\/p>\n<p style=\"text-align: justify;\">Par\u00adal\u00adlel zur Aus\u00adstel\u00adlungs\u00adrei\u00adhe er\u00adscheint im Som\u00admer 2012 ein von Chris\u00adtoph Kel\u00adler ge\u00adstal\u00adte\u00adter Re\u00ada\u00adder zum Pro\u00adjekt von Mi\u00adscha Ku\u00adball (Hg. von An\u00addre\u00adas F. Bei\u00adtin, Blair French und Goe\u00adthe-In\u00adsti\u00adtut) mit Tex\u00adten von An\u00addre\u00adas Bei\u00adtin, Hans Belting, Horst Bre\u00adde\u00adkamp, Ba\u00adzon Brock, Mar\u00adti\u00adna Dob\u00adbe, Le\u00adon\u00adhard Em\u00admer\u00adling, Blair French, Ur\u00adsu\u00adla Froh\u00adne \/ Chris\u00adti\u00adan Kat\u00adti, Wulf Her\u00adzo\u00adgen\u00adrath, Fried\u00adrich Kitt\u00adler, Fried\u00adhelm Men\u00adne\u00adkes, Hans Ul\u00adrich Reck, Yu\u00adki\u00adko Shi\u00adka\u00adta, Pe\u00adter Slo\u00adter\u00addi\u00adjk, Bern\u00adhard Wal\u00adden\u00adfels, Pe\u00adter Wei\u00adbel, John C. Welch\u00adman, Dun\u00adcan Whi\u00adte.<\/p>\n<p>&nbsp;<\/p>\n<p style=\"text-align: justify;\"><strong>Weiterf\u00fchrend \u2192<\/strong><\/p>\n<p style=\"text-align: justify;\">Zuvor betrachtete Stefan Oehm f\u00fcr KUNO Kuballs <a href=\"http:\/\/www.editiondaslabor.de\/blog\/?p=50277\">Lichtinstallation<\/a> <strong><em>res\u00b7o\u00b7nant<\/em><\/strong>. Lesen Sie im Rahmen der <i>public preposition\u00a0<\/i>ein\u00a0Gespr\u00e4ch zwischen Vanessa Joan M\u00fcller und Mischa Kuball \u00fcber <a href=\"http:\/\/www.editiondaslabor.de\/blog\/?p=33030\">\u00f6ffentliche Beziehungen<\/a>. Gleichfalls empfehlenswert das <a href=\"http:\/\/www.editiondaslabor.de\/blog\/?p=8632\">Ateliergespr\u00e4ch<\/a> von Prof. Dr. Matei Chihaia mit Mischa Kuball.<\/p>\n<p style=\"text-align: justify;\"><strong>\u2192 <\/strong>F\u00fcr das Projekt <em>Kollegengespr\u00e4che<\/em> hat A.J. Weigoni einen Austausch zwischen Schriftstellern angeregt. Auf KUNO ist diese Reihe wieder aufgelebt. Mit dem K\u00fcnstler Mischa Kuball teilt der Romancier den <em><a href=\"http:\/\/www.editiondaslabor.de\/blog\/2014\/10\/02\/dauerlaufen-und-durchhalten-ein-diskurs\/\">Dauerlauf<\/a><\/em>.<\/p>\n","protected":false},"excerpt":{"rendered":"<p>Der D\u00fcs\u00adsel\u00addor\u00adfer Me\u00addi\u00aden\u00adk\u00fcnst\u00adler Mi\u00adscha Ku\u00adball ist ei\u00adner der we\u00adni\u00adgen K\u00fcnst\u00adler, der das Licht schon im\u00admer auch in sei\u00adner (ge\u00adsell\u00adschafts-)po\u00adli\u00adti\u00adschen Di\u00admen\u00adsi\u00adon ver\u00adstan\u00adden und es ent\u00adspre\u00adchend in zahl\u00adrei\u00adchen Wer\u00adken und In\u00adstal\u00adla\u00adtio\u00adnen ein\u00adge\u00adsetzt hat. In sei\u00adnem neu\u00aden Aus\u00adstel\u00adlungs-Pro\u00adjekt pla\u00adton\u2019s mir\u00adror kom\u00admen dar\u00ad\u00fcber hin\u00adaus&hellip;<\/p>\n<p class=\"more-link-p\"><a class=\"more-link\" href=\"http:\/\/www.editiondaslabor.de\/blog\/2012\/09\/07\/pla%c2%adtons-mir%c2%adror\/\">Read more &rarr;<\/a><\/p>\n","protected":false},"author":257,"featured_media":101176,"comment_status":"open","ping_status":"open","sticky":false,"template":"","format":"standard","meta":{"footnotes":""},"categories":[1],"tags":[3385,49],"class_list":["post-7357","post","type-post","status-publish","format-standard","has-post-thumbnail","hentry","category-literatur","tag-andreas-beitin","tag-mischa-kuball"],"_links":{"self":[{"href":"http:\/\/www.editiondaslabor.de\/blog\/wp-json\/wp\/v2\/posts\/7357","targetHints":{"allow":["GET"]}}],"collection":[{"href":"http:\/\/www.editiondaslabor.de\/blog\/wp-json\/wp\/v2\/posts"}],"about":[{"href":"http:\/\/www.editiondaslabor.de\/blog\/wp-json\/wp\/v2\/types\/post"}],"author":[{"embeddable":true,"href":"http:\/\/www.editiondaslabor.de\/blog\/wp-json\/wp\/v2\/users\/257"}],"replies":[{"embeddable":true,"href":"http:\/\/www.editiondaslabor.de\/blog\/wp-json\/wp\/v2\/comments?post=7357"}],"version-history":[{"count":2,"href":"http:\/\/www.editiondaslabor.de\/blog\/wp-json\/wp\/v2\/posts\/7357\/revisions"}],"predecessor-version":[{"id":102629,"href":"http:\/\/www.editiondaslabor.de\/blog\/wp-json\/wp\/v2\/posts\/7357\/revisions\/102629"}],"wp:featuredmedia":[{"embeddable":true,"href":"http:\/\/www.editiondaslabor.de\/blog\/wp-json\/wp\/v2\/media\/101176"}],"wp:attachment":[{"href":"http:\/\/www.editiondaslabor.de\/blog\/wp-json\/wp\/v2\/media?parent=7357"}],"wp:term":[{"taxonomy":"category","embeddable":true,"href":"http:\/\/www.editiondaslabor.de\/blog\/wp-json\/wp\/v2\/categories?post=7357"},{"taxonomy":"post_tag","embeddable":true,"href":"http:\/\/www.editiondaslabor.de\/blog\/wp-json\/wp\/v2\/tags?post=7357"}],"curies":[{"name":"wp","href":"https:\/\/api.w.org\/{rel}","templated":true}]}}