{"id":72787,"date":"2020-12-06T00:01:13","date_gmt":"2020-12-05T23:01:13","guid":{"rendered":"http:\/\/www.editiondaslabor.de\/blog\/?p=72787"},"modified":"2020-12-03T08:07:33","modified_gmt":"2020-12-03T07:07:33","slug":"vorsprung-durch-technik","status":"publish","type":"post","link":"http:\/\/www.editiondaslabor.de\/blog\/2020\/12\/06\/vorsprung-durch-technik\/","title":{"rendered":"Vorsprung durch Technik"},"content":{"rendered":"<p style=\"text-align: right;\"><span style=\"color: #999999;\"> <em>Sprengt die Digitalisierung wom\u00f6glich den Zusammenhang von Produktivkraftentwicklung und kapitalistischen Produktions- und Eigentumsverh\u00e4ltnissen?<\/em><\/span><\/p>\n<p style=\"text-align: justify;\">Das Verb <em>digitize<\/em> taucht im englischen Sprachraum 1953 erstmals auf, weitereintwickelt in <em>digitization<\/em> im Jahr 1954. Sp\u00e4testens seit Mitte der 1980er Jahre wird der daraus abgeleitete Begriff der <em>Digitalisierung<\/em> in Deutschland verwendet. Die Digitalisierung ver\u00e4ndert die Lebensweise in einem Ausma\u00df und mit einer unumkehrbaren Radikalit\u00e4t, die wahrscheinlich mit der industriellen Revolution vergleichbar ist. Angesichts der in k\u00fcrzester Zeit vollzogenen und sich bereits abzeichnenden technischen Entwicklungen, \u00fcbertreffen die zu erwartenden und tief in unser Handeln, unser Leben, ja in unser Selbstverst\u00e4ndnis eingreifenden technischen Ver\u00e4nderungen alles bisher Gekannte. Glaubw\u00fcrdige Digitalisierungskritik muss pr\u00e4zise sein, <a href=\"http:\/\/www.editiondaslabor.de\/blog\/2017\/07\/16\/glaubwuerdige-digitalisierungskritik-muss-praezise-sein\/\">forderte<\/a> unl\u00e4ngst Joachim Paul. Zu den Forschungsschwerpunkten des Herausgebers Heinz-Josef Bontrup geh\u00f6rt die Arbeits\u00f6konomie. Au\u00dferdem ist er Sprecher der bereits 1975 gegr\u00fcndeten Arbeitsgruppe Alternative Wirtschaftspolitik, der es um die Entwicklung wirtschaftspolitischer Vorschl\u00e4ge und Perspektiven geht, \u201edie sich an der Sicherung sinnvoller Arbeitspl\u00e4tze, der Verbesserung des Lebensstandards und dem Ausbau des Systems der sozialen Sicherheit f\u00fcr die Arbeitnehmer sowie wirksamer Umweltsicherung in der Bundesrepublik orientieren\u201c.<\/p>\n<p style=\"text-align: right;\"><span style=\"color: #999999;\"><em>W\u00fcrde das bedeuten, dass der Kapitalismus, analog zu Karl Marx, an seine Grenze st\u00f6\u00dft?<\/em><\/span><\/p>\n<p style=\"text-align: justify;\">Der Herausgeber von <em>Digitalisierung und Technik<\/em> setzten den Schwerpunkt anders. Viele Menschen haben Angst. Im Fokus stehen Arbeitspl\u00e4tze, aber auch Datenkontrolle, zuk\u00fcnftiger Rohstoffverbrauch sowie der Energiezuwachs f\u00fcr die digitale Nutzung. Namhafte Soziologen, \u00d6konomen, Informatiker, Ingenieure und Naturwissenschaftler entwickeln spezifische Perspektiven einer in jedem Fall auf uns zukommenden Technikentwicklung. Im Zentrum des Buches steht deshalb die Fragestellung, was an der Digitalisierung von Produktions- und Konsumprozessen neuartig ist im Vergleich zur klassischen Produktivkraftentwicklung, die mit der Dampfmaschine ihren Anfang nahm. \u00dcber Digitalisierung nachzudenken, gibt es viele Gr\u00fcnde. In Zeiten des Homeoffice zumal, in denen ein anschwellendes Gerede zu vernehmen ist \u00fcber die Krise und den Bedeutungsverlust des Westens, der transatlantischen Beziehungen und multilateralen Regelwerke, der demokratischen Ordnungen und Regularien. \u00dcber Jahrzehnte hinweg geh\u00f6rte die Synchronisierung von Marktwirtschaft und Digitalisierung zu den unzweifelhaften Glaubenss\u00e4tzen, bis sich nicht mehr leugnen liess, da\u00df auch repressive Diktaturen, die sich keinen Deut um individuelle Freiheiten und Menschenrechte scheren, sich \u00f6konomischer Prosperit\u00e4t erfreuen und technologische Innovationsdynamik entwickeln.<\/p>\n<p style=\"text-align: right;\"><em><span style=\"color: #999999;\">Oder ist Digitalisierung nur eine weitere Etappe zur St\u00e4rkung der widerspr\u00fcchlichen Ordnung, die im Wesentlichen den Kapitaleignern dient?<\/span><\/em><\/p>\n<p style=\"text-align: justify;\">Das sind interessante Fragestellungen, die durch die Beitr\u00e4ge von Gustav Bergmann, Peter Br\u00f6dner, Florian Butollo, Alex Demirovi\u0107, Rainer Fischbach, Joachim Paul und Rudi Schmiede in diesem Buch aufgef\u00e4chert werden. Das Internet ist als das partizipativste Medium der Menschheitsgeschichte gestartet, nun beeinflussen russische Botfabriken die US\u2013Wahlen beeinflussen, oder Autokraten festigen ihre Macht mit digitalen \u00dcberwachungstechnologien. Beleuchtet wird die dunkle Seite des Internets, das nicht nur das Potential zur aufkl\u00e4rerischen Herrschaft der Freien und Gleichen in sich tr\u00e4gt, sondern auch die M\u00f6glichkeit von Demagogie, Populismus und der Tyrannei der Mehrheit. Die Herausgeber und Autoren von <em>Digitalisierung und Technik<\/em> erl\u00e4utern Genealogie, Gef\u00e4hrdungen und Potentiale der Digitalisierung, in einer Zeit, in der der Gleichheits- und Erl\u00f6sungsfuror des Internets ausgetr\u00e4umt ist.<\/p>\n<p>&nbsp;<\/p>\n<p style=\"text-align: center;\"><strong>\u00a0***<\/strong><\/p>\n<p style=\"text-align: justify;\"><strong>Digitalisierung und Technik \u2013 Fortschritt oder Fluch?<\/strong> Perspektiven der Produktivkraftentwicklung im modernen Kapitalismus. Heinz-J. Bontrup \/ J\u00fcrgen Daub (Hg.) Paperback, 321 Seiten. PapyRossa Verlag, 2020<\/p>\n<p style=\"text-align: justify;\"><a href=\"http:\/\/www.editiondaslabor.de\/blog\/wp-content\/uploads\/2020\/12\/Digi_Cover.jpg\"><img loading=\"lazy\" decoding=\"async\" class=\"alignleft wp-image-72790 size-medium\" src=\"http:\/\/www.editiondaslabor.de\/blog\/wp-content\/uploads\/2020\/12\/Digi_Cover-198x300.jpg\" alt=\"\" width=\"198\" height=\"300\" \/><\/a><\/p>\n<h5>Weiterf\u00fchrend \u2192<\/h5>\n<p style=\"text-align: justify;\">Lesen Sie auch einen <a href=\"http:\/\/www.editiondaslabor.de\/blog\/2018\/08\/25\/zwischenruf-aus-dem-maschinenkeller-der-digitalisierung\/\">Zwischenruf aus dem Maschinenkeller der Digitalisierung<\/a> von Joachim Paul. A.J. Weigonis <a href=\"http:\/\/www.editiondaslabor.de\/blog\/?p=34359\"><em>Cyberspasz, a real virtuality<\/em><\/a> spiegelt die entfesselten Welten des Digitalzeitalters. Der \u00b4virtual reality` zieht Weigoni in diesen Novellen die reale Virtualit\u00e4t der Poesie vor und pl\u00e4diert f\u00fcr die Ver\u00e4nderbarkeit der Welt.<\/p>\n","protected":false},"excerpt":{"rendered":"<p>Sprengt die Digitalisierung wom\u00f6glich den Zusammenhang von Produktivkraftentwicklung und kapitalistischen Produktions- und Eigentumsverh\u00e4ltnissen? Das Verb digitize taucht im englischen Sprachraum 1953 erstmals auf, weitereintwickelt in digitization im Jahr 1954. Sp\u00e4testens seit Mitte der 1980er Jahre wird der daraus abgeleitete Begriff&hellip;<\/p>\n<p class=\"more-link-p\"><a class=\"more-link\" href=\"http:\/\/www.editiondaslabor.de\/blog\/2020\/12\/06\/vorsprung-durch-technik\/\">Read more &rarr;<\/a><\/p>\n","protected":false},"author":2,"featured_media":72790,"comment_status":"closed","ping_status":"closed","sticky":false,"template":"","format":"standard","meta":{"footnotes":""},"categories":[1],"tags":[2707,2706,2704,2702,86,2703,2705,2708,2709],"class_list":["post-72787","post","type-post","status-publish","format-standard","has-post-thumbnail","hentry","category-literatur","tag-alex-demirovic","tag-florian-butollo","tag-gustav-bergmann","tag-heinz-j-bontrup","tag-joachim-paul","tag-juergen-daub","tag-peter-broedner","tag-rainer-fischbach","tag-rudi-schmiede"],"_links":{"self":[{"href":"http:\/\/www.editiondaslabor.de\/blog\/wp-json\/wp\/v2\/posts\/72787","targetHints":{"allow":["GET"]}}],"collection":[{"href":"http:\/\/www.editiondaslabor.de\/blog\/wp-json\/wp\/v2\/posts"}],"about":[{"href":"http:\/\/www.editiondaslabor.de\/blog\/wp-json\/wp\/v2\/types\/post"}],"author":[{"embeddable":true,"href":"http:\/\/www.editiondaslabor.de\/blog\/wp-json\/wp\/v2\/users\/2"}],"replies":[{"embeddable":true,"href":"http:\/\/www.editiondaslabor.de\/blog\/wp-json\/wp\/v2\/comments?post=72787"}],"version-history":[{"count":0,"href":"http:\/\/www.editiondaslabor.de\/blog\/wp-json\/wp\/v2\/posts\/72787\/revisions"}],"wp:featuredmedia":[{"embeddable":true,"href":"http:\/\/www.editiondaslabor.de\/blog\/wp-json\/"}],"wp:attachment":[{"href":"http:\/\/www.editiondaslabor.de\/blog\/wp-json\/wp\/v2\/media?parent=72787"}],"wp:term":[{"taxonomy":"category","embeddable":true,"href":"http:\/\/www.editiondaslabor.de\/blog\/wp-json\/wp\/v2\/categories?post=72787"},{"taxonomy":"post_tag","embeddable":true,"href":"http:\/\/www.editiondaslabor.de\/blog\/wp-json\/wp\/v2\/tags?post=72787"}],"curies":[{"name":"wp","href":"https:\/\/api.w.org\/{rel}","templated":true}]}}