{"id":72235,"date":"2009-03-18T00:01:13","date_gmt":"2009-03-17T23:01:13","guid":{"rendered":"http:\/\/www.editiondaslabor.de\/blog\/?p=72235"},"modified":"2022-03-06T14:00:19","modified_gmt":"2022-03-06T13:00:19","slug":"iii","status":"publish","type":"post","link":"http:\/\/www.editiondaslabor.de\/blog\/2009\/03\/18\/iii\/","title":{"rendered":"III"},"content":{"rendered":"<p>&nbsp;<\/p>\n<p style=\"text-align: justify;\">Snipp. Scheibenwischer verdr\u00e4ngen in einem mechanischen Rhythmus Tropfen vom Glas. Entgegenkommende blenden z\u00f6gernd ab. Ein rotes Licht h\u00e4ngt im kurzfristig bleigrau verwischten \u00dcbergang zur blauen Stunde. Es kommt n\u00e4her, so scheint es. In einer Kehre bewegen sich Reflektoren in einem Lebensrhythmus auf und ab. Der Fahrradfahrer beugt sich \u00fcber die Gabel. Niemand kommt n\u00e4her. Der unzureichend beleuchtete Fahrdamm bietet ausreichend Platz f\u00fcr den \u00dcberholvorgang. Im Schnittpunkt wechseln sich Geschwindigkeiten ab.<\/p>\n<p style=\"text-align: justify;\">Die Mechanik des Blicks. Der R\u00fcckspiegel kann Natalys Ersch\u00f6pfung nicht verbergen. Sie ist mit dem rasselnden Feueratem einer Lokomotive unterwegs. Pustet die Lungenmaschine durch. Wechselt das Blatt. Vergr\u00f6ssert die Trittfolge. Presst Salzwasser durch die Poren. Denkt im Rhythmus der federnden Fersen. Nicht geplante Schritte, unvorhersehbare Spr\u00fcnge. Verz\u00f6gerte Reflexion, \u00fcber die Hast im Raum: Wirkliche Menschen bewegen sich nicht im schnellen Vorlauf.<\/p>\n<p style=\"text-align: justify;\">Hin\u2013 und Zur\u00fcckwendungen. Choreografie der Blicke, Rituale der Betrachtung. Das Ende der Wahrnehmungen ist der Beginn des Erinnerns. Hinter der Stirn von Max keimt die Merkf\u00e4higkeit. Zu schwach, um den Fuss vom Gas zu nehmen\u2026<\/p>\n<p>&nbsp;<\/p>\n<p>&nbsp;<\/p>\n<p style=\"text-align: center;\">***<\/p>\n<p style=\"text-align: justify;\"><strong>Vignetten<\/strong>, Novelle von A.J. Weigoni, Edi\u00adtion Das Labor, M\u00fclheim an der Ruhr 2009.<\/p>\n<div id=\"attachment_47142\" style=\"width: 206px\" class=\"wp-caption alignleft\"><a href=\"http:\/\/www.editiondaslabor.de\/blog\/wp-content\/uploads\/2012\/03\/VignettenCover.jpeg\"><img loading=\"lazy\" decoding=\"async\" aria-describedby=\"caption-attachment-47142\" class=\"wp-image-47142 size-medium\" src=\"http:\/\/www.editiondaslabor.de\/blog\/wp-content\/uploads\/2012\/03\/VignettenCover-196x300.jpeg\" alt=\"\" width=\"196\" height=\"300\" srcset=\"http:\/\/www.editiondaslabor.de\/blog\/wp-content\/uploads\/2012\/03\/VignettenCover-196x300.jpeg 196w, http:\/\/www.editiondaslabor.de\/blog\/wp-content\/uploads\/2012\/03\/VignettenCover.jpeg 623w\" sizes=\"auto, (max-width: 196px) 100vw, 196px\" \/><\/a><p id=\"caption-attachment-47142\" class=\"wp-caption-text\">Covermotiv, Schreibstab von Peter Meilchen<\/p><\/div>\n<p style=\"text-align: justify;\"><strong>Weiterf\u00fchrend<\/strong> \u2192<\/p>\n<p style=\"text-align: justify;\">Constanze Schmidt zur <a href=\"http:\/\/www.editiondaslabor.de\/blog\/2009\/11\/18\/wellenbewegungen\/\">Novelle<\/a> und zum <a href=\"http:\/\/www.editiondaslabor.de\/\">Label<\/a>. Ein <a href=\"http:\/\/www.editiondaslabor.de\/blog\/2009\/01\/18\/literaturgeografie\/\">Nachwort<\/a> von Enrik Lauer. KUNO \u00fcbernimmt einen Artikel der <a href=\"http:\/\/www.editiondaslabor.de\/blog\/2009\/09\/09\/bruchstuckhafte-morsezeichen\/\">Lyrikwelt<\/a> und aus dem <a href=\"http:\/\/www.editiondaslabor.de\/blog\/2013\/12\/09\/lachfalten-im-gesicht-der-zeit\/\">Poetenladen<\/a>. Betty Davis konstatiert <a href=\"http:\/\/www.editiondaslabor.de\/blog\/2009\/06\/18\/ein-fein-gesponnenes-psychogramm\/\">Ein fein gesponnenes Psychogramm<\/a>. \u00dcber die <a href=\"http:\/\/www.editiondaslabor.de\/blog\/2009\/12\/18\/novelle_revisited\/\">Reanimierung<\/a> der Gattung Novelle und die Weiterentwicklung zum Buch \/ Katalog-Projekt <em>630<\/em> finden Sie <a href=\"http:\/\/www.editiondaslabor.de\/blog\/?p=46549\">hier<\/a> einen Essay. Einen weiteren Essay zur Ausstellung <em>50 Jahre Krumscheid \/ Meilchen<\/em> lesen Sie <a href=\"http:\/\/www.editiondaslabor.de\/blog\/?p=21518\">hier<\/a>. Mit einer <a href=\"http:\/\/www.vordenker.de\/hungertuch\/taeger2001.htm\">Laudatio<\/a> wurde der Hungertuch-Preistr\u00e4ger Tom T\u00e4ger und seine Arbeit im Tonstudio an der Ruhr gew\u00fcrdigt. Eine W\u00fcrdigung des Lebenswerks von Peter Meilchen findet sich <a href=\"http:\/\/www.editiondaslabor.de\/blog\/?p=12763\">hier<\/a>.<\/p>\n","protected":false},"excerpt":{"rendered":"<p>&nbsp; Snipp. Scheibenwischer verdr\u00e4ngen in einem mechanischen Rhythmus Tropfen vom Glas. Entgegenkommende blenden z\u00f6gernd ab. Ein rotes Licht h\u00e4ngt im kurzfristig bleigrau verwischten \u00dcbergang zur blauen Stunde. Es kommt n\u00e4her, so scheint es. In einer Kehre bewegen sich Reflektoren in&hellip;<\/p>\n<p class=\"more-link-p\"><a class=\"more-link\" href=\"http:\/\/www.editiondaslabor.de\/blog\/2009\/03\/18\/iii\/\">Read more &rarr;<\/a><\/p>\n","protected":false},"author":14,"featured_media":97847,"comment_status":"closed","ping_status":"closed","sticky":false,"template":"","format":"standard","meta":{"footnotes":""},"categories":[1],"tags":[628,3354],"class_list":["post-72235","post","type-post","status-publish","format-standard","has-post-thumbnail","hentry","category-literatur","tag-a-j-weigoni","tag-vignetten"],"_links":{"self":[{"href":"http:\/\/www.editiondaslabor.de\/blog\/wp-json\/wp\/v2\/posts\/72235","targetHints":{"allow":["GET"]}}],"collection":[{"href":"http:\/\/www.editiondaslabor.de\/blog\/wp-json\/wp\/v2\/posts"}],"about":[{"href":"http:\/\/www.editiondaslabor.de\/blog\/wp-json\/wp\/v2\/types\/post"}],"author":[{"embeddable":true,"href":"http:\/\/www.editiondaslabor.de\/blog\/wp-json\/wp\/v2\/users\/14"}],"replies":[{"embeddable":true,"href":"http:\/\/www.editiondaslabor.de\/blog\/wp-json\/wp\/v2\/comments?post=72235"}],"version-history":[{"count":1,"href":"http:\/\/www.editiondaslabor.de\/blog\/wp-json\/wp\/v2\/posts\/72235\/revisions"}],"predecessor-version":[{"id":101722,"href":"http:\/\/www.editiondaslabor.de\/blog\/wp-json\/wp\/v2\/posts\/72235\/revisions\/101722"}],"wp:featuredmedia":[{"embeddable":true,"href":"http:\/\/www.editiondaslabor.de\/blog\/wp-json\/wp\/v2\/media\/97847"}],"wp:attachment":[{"href":"http:\/\/www.editiondaslabor.de\/blog\/wp-json\/wp\/v2\/media?parent=72235"}],"wp:term":[{"taxonomy":"category","embeddable":true,"href":"http:\/\/www.editiondaslabor.de\/blog\/wp-json\/wp\/v2\/categories?post=72235"},{"taxonomy":"post_tag","embeddable":true,"href":"http:\/\/www.editiondaslabor.de\/blog\/wp-json\/wp\/v2\/tags?post=72235"}],"curies":[{"name":"wp","href":"https:\/\/api.w.org\/{rel}","templated":true}]}}