{"id":72231,"date":"2009-02-18T00:01:36","date_gmt":"2009-02-17T23:01:36","guid":{"rendered":"http:\/\/www.editiondaslabor.de\/blog\/?p=72231"},"modified":"2022-03-06T14:01:22","modified_gmt":"2022-03-06T13:01:22","slug":"ii","status":"publish","type":"post","link":"http:\/\/www.editiondaslabor.de\/blog\/2009\/02\/18\/ii\/","title":{"rendered":"II"},"content":{"rendered":"<p>&nbsp;<\/p>\n<p style=\"text-align: justify;\">\u00dcberblendung. Nataly tappt in die Echokammer des Selbstzweifels. Sie schickt ihre aufgestauten Gef\u00fchle durchs Mahlwerk ihrer Kieferknochen, vermag zu schluchzen und ihre Tr\u00e4nen im selben Augenblick als Produkt einer sinnlosen Entgleisung zu verabscheuen. Weinen wird zum Scheibenwischer f\u00fcr ihre Seele.<\/p>\n<p style=\"text-align: justify;\">Freudlose Gasse. An der H\u00e4userfront zerlaufen die Farben zu einem visuellen Pampf. Atemloser Erfahrungshunger, ihre gefr\u00e4ssigen Augen m\u00e4andern durch den dichten Dschungel empirischer Daten. Nataly sehnt sich zur\u00fcck nach einer naiven \u00c4sthetik der Unmittelbarkeit, einer Arte povera ohne Attit\u00fcde, einem Neorealismus ohne Habitus, um im Zentrum der Dinge gl\u00fccklich zu werden.<\/p>\n<p style=\"text-align: justify;\">Schlupfwinkel der Sichtbarkeit. Leuchtk\u00e4sten strahlen die k\u00fchl kalkulierte K\u00e4lte des Designs aus. Im Spiegelblick reflektiert sich in der Schaufensterscheibe der Galerie ihre Sichtweise. Sehverbote verst\u00e4rken ihr Begehren, Sinnlichkeitsverbote f\u00f6rdern vor allen Natalys Augensinn. Vor dem Kunstwerk ist sie immer allein und meist kommt es zu keinem Dialog. Mit dem Verzicht auf die K\u00fcnste l\u00f6scht die wissenschaftsgl\u00e4ubige Wirtschaftswelt das kollektive Menschheitsged\u00e4chtnis aus. Was Nataly in einer Atmosph\u00e4re verdichteter Konzentration im <em>Glaskasten<\/em> der Galerie als Kunst erkennt, ist nicht das, was sie wahrnimmt. Sie blinzelt, strebt adriadnefadenscheinig abw\u00e4rts als Fl\u00f6zg\u00e4ngerin in den Stollen ihrer Seele.<\/p>\n<p style=\"text-align: justify;\">Ausschlag in der Amplitude des permanenten L\u00e4rms. Nataly entflieht dem Bannkreis, der ihren Blickwinkel einengt. Sie schliesst die Augendeckel, findet traumwandlerisch ihre Fussspuren im aufweichenden Teer, tapst seitenverkehrt zur Kreuzung zur\u00fcck. Entdeckt ihren Ausgangspunkt. Winkelt ihr rechtes Bein an die linke Kniekehle. \u00d6ffnet die Augen. Steht vor ihrem Fahrrad. Kettet es von dem Hinweisschild los. Schwingt ihr Bein \u00fcber den Sattel. Pustet durch. Auf dem Fahrrad gelingt es ihr, das innere und \u00e4ussere Gleichgewicht zu halten.<\/p>\n<p>&nbsp;<\/p>\n<p>&nbsp;<\/p>\n<p style=\"text-align: center;\">***<\/p>\n<p style=\"text-align: justify;\"><strong>Vignetten<\/strong>, Novelle von A.J. Weigoni, Edi\u00adtion Das Labor, M\u00fclheim an der Ruhr 2009.<\/p>\n<div id=\"attachment_47142\" style=\"width: 206px\" class=\"wp-caption alignleft\"><a href=\"http:\/\/www.editiondaslabor.de\/blog\/wp-content\/uploads\/2012\/03\/VignettenCover.jpeg\"><img loading=\"lazy\" decoding=\"async\" aria-describedby=\"caption-attachment-47142\" class=\"wp-image-47142 size-medium\" src=\"http:\/\/www.editiondaslabor.de\/blog\/wp-content\/uploads\/2012\/03\/VignettenCover-196x300.jpeg\" alt=\"\" width=\"196\" height=\"300\" srcset=\"http:\/\/www.editiondaslabor.de\/blog\/wp-content\/uploads\/2012\/03\/VignettenCover-196x300.jpeg 196w, http:\/\/www.editiondaslabor.de\/blog\/wp-content\/uploads\/2012\/03\/VignettenCover.jpeg 623w\" sizes=\"auto, (max-width: 196px) 100vw, 196px\" \/><\/a><p id=\"caption-attachment-47142\" class=\"wp-caption-text\">Covermotiv, Schreibstab von Peter Meilchen<\/p><\/div>\n<p style=\"text-align: justify;\"><strong>Weiterf\u00fchrend<\/strong> \u2192<\/p>\n<p style=\"text-align: justify;\">Constanze Schmidt zur <a href=\"http:\/\/www.editiondaslabor.de\/blog\/2009\/11\/18\/wellenbewegungen\/\">Novelle<\/a> und zum <a href=\"http:\/\/www.editiondaslabor.de\/\">Label<\/a>. Ein <a href=\"http:\/\/www.editiondaslabor.de\/blog\/2009\/01\/18\/literaturgeografie\/\">Nachwort<\/a> von Enrik Lauer. KUNO \u00fcbernimmt einen Artikel der <a href=\"http:\/\/www.editiondaslabor.de\/blog\/2009\/09\/09\/bruchstuckhafte-morsezeichen\/\">Lyrikwelt<\/a> und aus dem <a href=\"http:\/\/www.editiondaslabor.de\/blog\/2013\/12\/09\/lachfalten-im-gesicht-der-zeit\/\">Poetenladen<\/a>. Betty Davis konstatiert <a href=\"http:\/\/www.editiondaslabor.de\/blog\/2009\/06\/18\/ein-fein-gesponnenes-psychogramm\/\">Ein fein gesponnenes Psychogramm<\/a>. \u00dcber die <a href=\"http:\/\/www.editiondaslabor.de\/blog\/2009\/12\/18\/novelle_revisited\/\">Reanimierung<\/a> der Gattung Novelle und die Weiterentwicklung zum Buch \/ Katalog-Projekt <em>630<\/em> finden Sie <a href=\"http:\/\/www.editiondaslabor.de\/blog\/?p=46549\">hier<\/a> einen Essay. Einen weiteren Essay zur Ausstellung <em>50 Jahre Krumscheid \/ Meilchen<\/em> lesen Sie <a href=\"http:\/\/www.editiondaslabor.de\/blog\/?p=21518\">hier<\/a>. Mit einer <a href=\"http:\/\/www.vordenker.de\/hungertuch\/taeger2001.htm\">Laudatio<\/a> wurde der Hungertuch-Preistr\u00e4ger Tom T\u00e4ger und seine Arbeit im Tonstudio an der Ruhr gew\u00fcrdigt. Eine W\u00fcrdigung des Lebenswerks von Peter Meilchen findet sich <a href=\"http:\/\/www.editiondaslabor.de\/blog\/?p=12763\">hier<\/a>.<\/p>\n","protected":false},"excerpt":{"rendered":"<p>&nbsp; \u00dcberblendung. Nataly tappt in die Echokammer des Selbstzweifels. Sie schickt ihre aufgestauten Gef\u00fchle durchs Mahlwerk ihrer Kieferknochen, vermag zu schluchzen und ihre Tr\u00e4nen im selben Augenblick als Produkt einer sinnlosen Entgleisung zu verabscheuen. Weinen wird zum Scheibenwischer f\u00fcr ihre&hellip;<\/p>\n<p class=\"more-link-p\"><a class=\"more-link\" href=\"http:\/\/www.editiondaslabor.de\/blog\/2009\/02\/18\/ii\/\">Read more &rarr;<\/a><\/p>\n","protected":false},"author":14,"featured_media":97847,"comment_status":"closed","ping_status":"closed","sticky":false,"template":"","format":"standard","meta":{"footnotes":""},"categories":[1],"tags":[628,3354],"class_list":["post-72231","post","type-post","status-publish","format-standard","has-post-thumbnail","hentry","category-literatur","tag-a-j-weigoni","tag-vignetten"],"_links":{"self":[{"href":"http:\/\/www.editiondaslabor.de\/blog\/wp-json\/wp\/v2\/posts\/72231","targetHints":{"allow":["GET"]}}],"collection":[{"href":"http:\/\/www.editiondaslabor.de\/blog\/wp-json\/wp\/v2\/posts"}],"about":[{"href":"http:\/\/www.editiondaslabor.de\/blog\/wp-json\/wp\/v2\/types\/post"}],"author":[{"embeddable":true,"href":"http:\/\/www.editiondaslabor.de\/blog\/wp-json\/wp\/v2\/users\/14"}],"replies":[{"embeddable":true,"href":"http:\/\/www.editiondaslabor.de\/blog\/wp-json\/wp\/v2\/comments?post=72231"}],"version-history":[{"count":1,"href":"http:\/\/www.editiondaslabor.de\/blog\/wp-json\/wp\/v2\/posts\/72231\/revisions"}],"predecessor-version":[{"id":101723,"href":"http:\/\/www.editiondaslabor.de\/blog\/wp-json\/wp\/v2\/posts\/72231\/revisions\/101723"}],"wp:featuredmedia":[{"embeddable":true,"href":"http:\/\/www.editiondaslabor.de\/blog\/wp-json\/wp\/v2\/media\/97847"}],"wp:attachment":[{"href":"http:\/\/www.editiondaslabor.de\/blog\/wp-json\/wp\/v2\/media?parent=72231"}],"wp:term":[{"taxonomy":"category","embeddable":true,"href":"http:\/\/www.editiondaslabor.de\/blog\/wp-json\/wp\/v2\/categories?post=72231"},{"taxonomy":"post_tag","embeddable":true,"href":"http:\/\/www.editiondaslabor.de\/blog\/wp-json\/wp\/v2\/tags?post=72231"}],"curies":[{"name":"wp","href":"https:\/\/api.w.org\/{rel}","templated":true}]}}