{"id":7198,"date":"2022-03-03T00:01:35","date_gmt":"2022-03-02T23:01:35","guid":{"rendered":"http:\/\/www.editiondaslabor.de\/blog\/?p=7198"},"modified":"2022-03-03T04:08:10","modified_gmt":"2022-03-03T03:08:10","slug":"suchbild-5","status":"publish","type":"post","link":"http:\/\/www.editiondaslabor.de\/blog\/2022\/03\/03\/suchbild-5\/","title":{"rendered":"Suchbild"},"content":{"rendered":"<p>&nbsp;<\/p>\n<p style=\"text-align: justify;\">Der Blick, forschend. Ihre Kamera, ein Wahrheitsautomat. Sie bildet nicht ab, sondern zeichnet mit Licht. Tastet Raum \/ Zeit \/ Landschaft nach Anmutsmustern ab, inszeniert in einem Gestaltungsfeld imagin\u00e4re Ansichten bl\u00fchender Landschaften. Sequenzen. Die Erinnerung des vorherigen Bildes wirft den Schatten auf das N\u00e4chste. Schnitte. Prickelnde Beunruhigung in grossartiger Verwahrlosung. Das Gef\u00fchl der Versunkenheit.<\/p>\n<p style=\"text-align: justify;\">Achsensprung. Die zuweilen orientierungslose K\u00fcnstlerin schafft sich eine bildm\u00e4chtige Behausung. Doch wie sich ihre Poesie ein \u00dcberall sucht, dr\u00e4ngt sich das Leben mit seiner konkreten Formensprache in das Jederzeit eines Bildes. Reduziert auf sein Wesentliches wird jedes Ding charmant, denn in der N\u00e4he zum Einfachen gestaltet sich jede Suche nach komplexen Zusammenh\u00e4ngen erst lebendig.<\/p>\n<p style=\"text-align: justify;\">Brennsch\u00e4rfe. Durch jede Komplexit\u00e4t leuchtet ein einfacher Beginn. Hier, so scheint es, liegt die Zielsetzung ihres k\u00fcnstlerischen Tuns. Hinter jedem \u00fcberm\u00e4chtigen Durchschauungswillen die einfache Formel erkennen. Verstehen ist auch ein liebervoller Akt des Scheiterns. Mit beharrlicher Konsequenz arbeitet sie am LichtBild der Zeit und sucht sie in ihren Arbeiten wohl, sich kontrapunktisch etwas wesentlichem anzun\u00e4hern, der Schneckenspur des stetigen Bem\u00fchens ein einziges leuchtendes Sekret abzusondern&#8230; und das in der Gelassenheit, sich auf diesem Markt nicht mehr behaupten zu m\u00fcssen.<\/p>\n<p>&nbsp;<\/p>\n<p>&nbsp;<\/p>\n<p style=\"text-align: center;\">\u00a0***<\/p>\n<p class=\"hide-if-no-js\" style=\"text-align: justify;\"><strong>Cyberspasz, a real virtuality<\/strong>, Novellen von A. J. Weigoni, Edi\u00adtion Das Labor, M\u00fclheim an der Ruhr 2012.<\/p>\n<div id=\"attachment_44223\" style=\"width: 204px\" class=\"wp-caption alignleft\"><a href=\"http:\/\/www.editiondaslabor.de\/blog\/wp-content\/uploads\/2017\/08\/Cyberspasz.jpeg\"><img loading=\"lazy\" decoding=\"async\" aria-describedby=\"caption-attachment-44223\" class=\"wp-image-44223 size-medium\" src=\"http:\/\/www.editiondaslabor.de\/blog\/wp-content\/uploads\/2017\/08\/Cyberspasz-194x300.jpeg\" alt=\"\" width=\"194\" height=\"300\" srcset=\"http:\/\/www.editiondaslabor.de\/blog\/wp-content\/uploads\/2017\/08\/Cyberspasz-194x300.jpeg 194w, http:\/\/www.editiondaslabor.de\/blog\/wp-content\/uploads\/2017\/08\/Cyberspasz.jpeg 657w\" sizes=\"auto, (max-width: 194px) 100vw, 194px\" \/><\/a><p id=\"caption-attachment-44223\" class=\"wp-caption-text\">Covermontage: Jesko Hagen<\/p><\/div>\n<p style=\"text-align: justify;\"><strong>Weiterf\u00fchrend \u2192<\/strong> KUNO \u00fcbernimmt Artikel von Jo Wei\u00df aus <a href=\"http:\/\/www.editiondaslabor.de\/blog\/2012\/10\/05\/turbokapitalistischer-realismus\/\">Kultura-extra<\/a>, von Karl Feldkamp aus <a href=\"http:\/\/www.editiondaslabor.de\/blog\/2013\/08\/09\/alles-klappt-in-ihrem-leben-doch-nichts-gluckt\/\">Neue Rheinische Zeitung<\/a> und von <span class=\"vcard author\"><span class=\"fn\">Christine Kappe<\/span><\/span> <span data-offset-key=\"cphj4-0-0\">aus der vom Netz gegangenen<\/span> <a href=\"http:\/\/www.editiondaslabor.de\/blog\/2012\/11\/01\/ein-buch-ist-eine-stadt\/\">fixpoetry<\/a>. Betty Davis sieht in <em>Cyberspasz<\/em> eine <a href=\"http:\/\/www.editiondaslabor.de\/blog\/2012\/12\/26\/eine-ebenso-poetische-wie-praezise-geschichtsprosa\/\">pr\u00e4zise Geschichtsprosa<\/a>. Margaretha Schnarhelt erkennt in der <em>real virtuality<\/em> eine <a href=\"http:\/\/www.editiondaslabor.de\/blog\/2012\/09\/30\/cyberzomb\/\">hybride Prosa<\/a>. Enrik Lauer deutet diese Novellen als <a href=\"http:\/\/www.editiondaslabor.de\/blog\/2012\/09\/01\/der-cyberspace-als-wille-und-vorstellung\/\">Schopenhauer<\/a>s Nachwirken im Internet. In einem Essay betreibt KUNO <a href=\"http:\/\/www.editiondaslabor.de\/blog\/2013\/12\/16\/dystopische-zukunftsforschung\/\">dystopische Zukunftsforschung<\/a>.<\/p>\n<p>&nbsp;<\/p>\n<p style=\"text-align: justify;\">\n","protected":false},"excerpt":{"rendered":"<p>&nbsp; Der Blick, forschend. Ihre Kamera, ein Wahrheitsautomat. Sie bildet nicht ab, sondern zeichnet mit Licht. Tastet Raum \/ Zeit \/ Landschaft nach Anmutsmustern ab, inszeniert in einem Gestaltungsfeld imagin\u00e4re Ansichten bl\u00fchender Landschaften. Sequenzen. Die Erinnerung des vorherigen Bildes wirft&hellip;<\/p>\n<p class=\"more-link-p\"><a class=\"more-link\" href=\"http:\/\/www.editiondaslabor.de\/blog\/2022\/03\/03\/suchbild-5\/\">Read more &rarr;<\/a><\/p>\n","protected":false},"author":14,"featured_media":98173,"comment_status":"open","ping_status":"open","sticky":false,"template":"","format":"standard","meta":{"footnotes":""},"categories":[1],"tags":[628],"class_list":["post-7198","post","type-post","status-publish","format-standard","has-post-thumbnail","hentry","category-literatur","tag-a-j-weigoni"],"_links":{"self":[{"href":"http:\/\/www.editiondaslabor.de\/blog\/wp-json\/wp\/v2\/posts\/7198","targetHints":{"allow":["GET"]}}],"collection":[{"href":"http:\/\/www.editiondaslabor.de\/blog\/wp-json\/wp\/v2\/posts"}],"about":[{"href":"http:\/\/www.editiondaslabor.de\/blog\/wp-json\/wp\/v2\/types\/post"}],"author":[{"embeddable":true,"href":"http:\/\/www.editiondaslabor.de\/blog\/wp-json\/wp\/v2\/users\/14"}],"replies":[{"embeddable":true,"href":"http:\/\/www.editiondaslabor.de\/blog\/wp-json\/wp\/v2\/comments?post=7198"}],"version-history":[{"count":2,"href":"http:\/\/www.editiondaslabor.de\/blog\/wp-json\/wp\/v2\/posts\/7198\/revisions"}],"predecessor-version":[{"id":101456,"href":"http:\/\/www.editiondaslabor.de\/blog\/wp-json\/wp\/v2\/posts\/7198\/revisions\/101456"}],"wp:featuredmedia":[{"embeddable":true,"href":"http:\/\/www.editiondaslabor.de\/blog\/wp-json\/wp\/v2\/media\/98173"}],"wp:attachment":[{"href":"http:\/\/www.editiondaslabor.de\/blog\/wp-json\/wp\/v2\/media?parent=7198"}],"wp:term":[{"taxonomy":"category","embeddable":true,"href":"http:\/\/www.editiondaslabor.de\/blog\/wp-json\/wp\/v2\/categories?post=7198"},{"taxonomy":"post_tag","embeddable":true,"href":"http:\/\/www.editiondaslabor.de\/blog\/wp-json\/wp\/v2\/tags?post=7198"}],"curies":[{"name":"wp","href":"https:\/\/api.w.org\/{rel}","templated":true}]}}