{"id":71937,"date":"2000-01-04T00:01:19","date_gmt":"2000-01-03T23:01:19","guid":{"rendered":"http:\/\/www.editiondaslabor.de\/blog\/?p=71937"},"modified":"2020-11-25T16:08:36","modified_gmt":"2020-11-25T15:08:36","slug":"kindergespraech","status":"publish","type":"post","link":"http:\/\/www.editiondaslabor.de\/blog\/2000\/01\/04\/kindergespraech\/","title":{"rendered":"Kindergespr\u00e4ch"},"content":{"rendered":"<div class=\"page\" style=\"text-align: justify\" title=\"Page 90\">\n<div class=\"layoutArea\">\n<div class=\"column\">\n<p>&nbsp;<\/p>\n<p>Ganz versunken sitzen zwei Jungen auf der Treppe, haben zwischen ihren F\u00fc\u00dfen jeweils eine T\u00fcte mit S\u00fc\u00dfigkeiten vom B\u00e4cker und daneben ein Trinkp\u00e4ckchen stehen. Sie m\u00f6gen vielleicht um die elf Jahre alt sein, noch echte Kinder, die Pubert\u00e4t scheint Lichtjahre entfernt, eben das Alter, in dem Kinder zu jedem Zeitpunkt mehr als liebenswert sind, kindlich und naiv, selbst wenn sie mal ihre Schmollphasen haben.<\/p>\n<\/div>\n<\/div>\n<div class=\"layoutArea\">\n<div class=\"column\">\n<p>Herr Nipp konnte nicht anders als stehen bleiben und den beiden in ihrem wichtigen Tun zuschauen. Auch er hatte vor Jahrzehnten auf dieser Treppe gesessen, mit seinem damals besten Kindheitsfreund, der heute noch weniger Haare hatte, als er selbst, den er manchmal noch traf, distanziert wurden dann bestimmte Informationen getauscht, die meistens allerdings zur\u00fcckbehalten. Die beiden Jungen unterhielten sich \u00fcber eine Urlaubskarte, die sie immer wieder hin und her reichten, und zielsicher mit ihren Fin- gern auf die Einzelheiten verwiesen. Doch nicht Absender oder eigene Erlebnisse auf der Absenderinsel waren Thema, sondern eine eingehende Analyse der Karte. Von der Windrichtung \u00fcber die Beleuchtungsverh\u00e4ltnisse, bis hin zu der unzeitgem\u00e4\u00dfen Schrift, der Verteilung der Fl\u00e4chen, Farben und dem Steigungswinkel der D\u00fcnen wurde alles besprochen. Dezidiert nahmen die beiden das Motiv auseinander und kamen letztlich zu dem Schluss, das sei doch nur Kitsch und somit fast verwerflich.<\/p>\n<\/div>\n<\/div>\n<div class=\"layoutArea\">\n<div class=\"column\">\n<p>Herr Nipp wandte sich nach knapp zwei Minuten ab. Nein, solche Gespr\u00e4che hatte er mit einem Freund nicht gef\u00fchrt. Damals h\u00e4tten sie sich noch ganz einfach \u00fcber die Karte gefreut.<\/p>\n<\/div>\n<\/div>\n<\/div>\n<div class=\"page\" title=\"Page 75\">\n<div class=\"layoutArea\">\n<p style=\"text-align: justify\">\n<\/div>\n<\/div>\n<p style=\"text-align: center\">***<\/p>\n<p style=\"text-align: justify\"><strong>Das Mittelma\u00df der Welt<\/strong>, unerh\u00f6rte Geschichten von Herrn Nipp, KUNO 1994 &#8211; 2019<\/p>\n<p style=\"text-align: justify\"><a href=\"http:\/\/www.editiondaslabor.de\/blog\/wp-content\/uploads\/2009\/01\/Herr-Nipp-Frontbild.jpg\"><img loading=\"lazy\" decoding=\"async\" class=\"alignleft size-full wp-image-71748\" src=\"http:\/\/www.editiondaslabor.de\/blog\/wp-content\/uploads\/2009\/01\/Herr-Nipp-Frontbild.jpg\" alt=\"\" width=\"217\" height=\"229\" srcset=\"http:\/\/www.editiondaslabor.de\/blog\/wp-content\/uploads\/2009\/01\/Herr-Nipp-Frontbild.jpg 217w, http:\/\/www.editiondaslabor.de\/blog\/wp-content\/uploads\/2009\/01\/Herr-Nipp-Frontbild-160x169.jpg 160w\" sizes=\"auto, (max-width: 217px) 100vw, 217px\" \/><\/a><\/p>\n<p style=\"text-align: justify\">Die <em>unerh\u00f6rten Geschichten<\/em> von Herrn Nipp sind glossierende Anmerkungen die sich schnoddrig mit dem Zeitgeist auseinandersetzen. Oft wird in diesen Kolportagen ein Konflikt zwischen Ordnung und Chaos beschrieben. Wir lesen sowohl \u00fcberraschendes und unerwartetes, potentiell ungew\u00f6hnliches, das Geschehen verweist auf einen sich real ereigneten (oder wenigstens m\u00f6glichen) Ursprung des Erz\u00e4hlten.<\/p>\n<p style=\"text-align: justify\"><strong>Weiterf\u00fchrend\u00a0<\/strong><strong>\u2192\u00a0<\/strong><\/p>\n<p style=\"text-align: justify\">Zum Thema K\u00fcnstlerbucher lesen finden Sie hier einen <a href=\"http:\/\/www.editiondaslabor.de\/blog\/?p=12840\">Essay<\/a> sowie ein <a href=\"http:\/\/www.editiondaslabor.de\/blog\/?p=834\">Artikel<\/a> von J.C. Albers. Papier ist autonomes Kunstmaterial, daher ein vertiefendes <a href=\"http:\/\/www.editiondaslabor.de\/blog\/?p=21407\">Kollegengespr\u00e4ch<\/a> mit Haimo Hieronymus \u00fcber Material, Medium und Faszination des Werkstoffs Papier.<\/p>\n<p style=\"text-align: justify\">Die bibliophilen Kostbarkeiten sind erh\u00e4ltlich \u00fcber die Werkstattgalerie Der Bogen, Tel. 0173 7276421<\/p>\n","protected":false},"excerpt":{"rendered":"<p>&nbsp; Ganz versunken sitzen zwei Jungen auf der Treppe, haben zwischen ihren F\u00fc\u00dfen jeweils eine T\u00fcte mit S\u00fc\u00dfigkeiten vom B\u00e4cker und daneben ein Trinkp\u00e4ckchen stehen. Sie m\u00f6gen vielleicht um die elf Jahre alt sein, noch echte Kinder, die Pubert\u00e4t scheint&hellip;<\/p>\n<p class=\"more-link-p\"><a class=\"more-link\" href=\"http:\/\/www.editiondaslabor.de\/blog\/2000\/01\/04\/kindergespraech\/\">Read more &rarr;<\/a><\/p>\n","protected":false},"author":161,"featured_media":71748,"comment_status":"closed","ping_status":"closed","sticky":false,"template":"","format":"standard","meta":{"footnotes":""},"categories":[1],"tags":[1334],"class_list":["post-71937","post","type-post","status-publish","format-standard","has-post-thumbnail","hentry","category-literatur","tag-herr-nipp"],"_links":{"self":[{"href":"http:\/\/www.editiondaslabor.de\/blog\/wp-json\/wp\/v2\/posts\/71937","targetHints":{"allow":["GET"]}}],"collection":[{"href":"http:\/\/www.editiondaslabor.de\/blog\/wp-json\/wp\/v2\/posts"}],"about":[{"href":"http:\/\/www.editiondaslabor.de\/blog\/wp-json\/wp\/v2\/types\/post"}],"author":[{"embeddable":true,"href":"http:\/\/www.editiondaslabor.de\/blog\/wp-json\/wp\/v2\/users\/161"}],"replies":[{"embeddable":true,"href":"http:\/\/www.editiondaslabor.de\/blog\/wp-json\/wp\/v2\/comments?post=71937"}],"version-history":[{"count":0,"href":"http:\/\/www.editiondaslabor.de\/blog\/wp-json\/wp\/v2\/posts\/71937\/revisions"}],"wp:featuredmedia":[{"embeddable":true,"href":"http:\/\/www.editiondaslabor.de\/blog\/wp-json\/"}],"wp:attachment":[{"href":"http:\/\/www.editiondaslabor.de\/blog\/wp-json\/wp\/v2\/media?parent=71937"}],"wp:term":[{"taxonomy":"category","embeddable":true,"href":"http:\/\/www.editiondaslabor.de\/blog\/wp-json\/wp\/v2\/categories?post=71937"},{"taxonomy":"post_tag","embeddable":true,"href":"http:\/\/www.editiondaslabor.de\/blog\/wp-json\/wp\/v2\/tags?post=71937"}],"curies":[{"name":"wp","href":"https:\/\/api.w.org\/{rel}","templated":true}]}}