{"id":71792,"date":"1998-08-04T00:01:00","date_gmt":"1998-08-03T22:01:00","guid":{"rendered":"http:\/\/www.editiondaslabor.de\/blog\/?p=71792"},"modified":"2020-11-25T08:23:17","modified_gmt":"2020-11-25T07:23:17","slug":"nie-wieder","status":"publish","type":"post","link":"http:\/\/www.editiondaslabor.de\/blog\/1998\/08\/04\/nie-wieder\/","title":{"rendered":"nie wieder"},"content":{"rendered":"<p style=\"text-align: justify\">\n<div class=\"page\" style=\"text-align: justify\" title=\"Page 50\">\n<div class=\"layoutArea\">\n<div class=\"column\">\n<p>Damit hatte er nun wirklich nicht gerechnet, hatte sich alle m\u00f6glichen Alternativen immer mal durch den Kopf gehen lassen, aber genau damit nicht gerechnet. Wo war es geschehen, wer hatte da seine Finger im Spiel?<\/p>\n<\/div>\n<\/div>\n<div class=\"layoutArea\">\n<div class=\"column\">\n<p>Herr Nipp hatte sogar den besten Freunden Nachrichten zukommen lassen, sie sollten ihm in seiner Not helfen, doch niemand wusste Rat. All die gehorteten Gedanken, die m\u00f6glichen und er- lebten Geschehnisse, all die Reflexionen \u00fcber Kunst und den Alltag, die \u00fcbellaunigen Bildbesprechungen und sarkastischen Be- merkungen \u00fcber Menschen und Literatur. Wie nur sollte man mit solch einer Situation, diesem Fiasko, damit innerlich fertig werden?<\/p>\n<\/div>\n<\/div>\n<div class=\"layoutArea\">\n<div class=\"column\">\n<p>Er hatte alle Stellen am Arbeitsplatz durchsucht, in die hintersten Winkel seiner Wohnung geschaut, sogar den Schl\u00fcssel zum Auto eines Freundes besorgt und dieses auf den Kopf gestellt, nein, sein geliebtes Notizbuch, jenes in schwarzes Druckergummi geh\u00fcllte B\u00fcchlein mit Seiten aus festen Werkdruckpapier, war einfach verschwunden. So konnte es nicht gehen, nicht mehr weiter gehen, wie sollte er die Texte rekonstruieren, die Fragmente r\u00fcckbe- sinnend sich vor Augen rufen?<\/p>\n<\/div>\n<\/div>\n<div class=\"layoutArea\">\n<div class=\"column\">\n<p>Der Verzweiflung nahe hatte Herr Nipp sogar schon eine Flasche Wein aus dem geheimen Versteck hervorgekramt, er w\u00fcrde sich sinnlos betrinken, nein, bis zur Besinnungslosigkeit, w\u00fcrde irgendwann einfach so umkippen, die H\u00e4lfte vergessen haben und am n\u00e4chsten Morgen mit schwerem Kopf und s\u00e4mtlichen Klamotten am Leib aufwachen, sich wundern, wie er es ins Bett geschafft habe. Der Denkapparat war inzwischen in die H\u00e4nde gest\u00fctzt und die Gedanken bleischwer. Das konnte auch keine L\u00f6sung sein, war er doch ein aufrechter K\u00e4mpfer f\u00fcr die Gedankenfreiheit.<\/p>\n<\/div>\n<\/div>\n<div class=\"layoutArea\">\n<div class=\"column\">\n<p>Nach inzwischen drei Tagen Suche musste er sich endlich ein- gestehen, dass alles keinen Sinn habe, all die Sorgen, die Trauer um\u00a0<span style=\"letter-spacing: 0.05em\">das Verlorene nicht. Ganz konzentriert setzte er sich an den Schreibtisch, zog die alte Adlerschreibmaschine zu sich und begann zu tippen: &#8220; Bild von Janszen &#8211; viele Knochen&#8220;.<\/span><\/p>\n<div class=\"page\" title=\"Page 51\">\n<div class=\"layoutArea\">\n<div class=\"column\">\n<p>Ein Anfang war gemacht, auch die restlichen f\u00fcnf Zeilen des Notizbuches w\u00fcrde er sich ins Ged\u00e4chtnis rufen m\u00fcssen.<\/p>\n<\/div>\n<\/div>\n<\/div>\n<\/div>\n<\/div>\n<\/div>\n<p style=\"text-align: justify\">\n<p>&nbsp;<\/p>\n<p>&nbsp;<\/p>\n<p style=\"text-align: center\">***<\/p>\n<p style=\"text-align: justify\"><strong>Das Mittelma\u00df der Welt<\/strong>, unerh\u00f6rte Geschichten von Herrn Nipp, KUNO 1994 &#8211; 2019<\/p>\n<p style=\"text-align: justify\"><a href=\"http:\/\/www.editiondaslabor.de\/blog\/wp-content\/uploads\/2009\/01\/Herr-Nipp-Frontbild.jpg\"><img loading=\"lazy\" decoding=\"async\" class=\"alignleft size-full wp-image-71748\" src=\"http:\/\/www.editiondaslabor.de\/blog\/wp-content\/uploads\/2009\/01\/Herr-Nipp-Frontbild.jpg\" alt=\"\" width=\"217\" height=\"229\" srcset=\"http:\/\/www.editiondaslabor.de\/blog\/wp-content\/uploads\/2009\/01\/Herr-Nipp-Frontbild.jpg 217w, http:\/\/www.editiondaslabor.de\/blog\/wp-content\/uploads\/2009\/01\/Herr-Nipp-Frontbild-160x169.jpg 160w\" sizes=\"auto, (max-width: 217px) 100vw, 217px\" \/><\/a><\/p>\n<p style=\"text-align: justify\">Die <em>unerh\u00f6rten Geschichten<\/em> von Herrn Nipp sind glossierende Anmerkungen die sich schnoddrig mit dem Zeitgeist auseinandersetzen. Oft wird in diesen Kolportagen ein Konflikt zwischen Ordnung und Chaos beschrieben. Wir lesen sowohl \u00fcberraschendes und unerwartetes, potentiell ungew\u00f6hnliches, das Geschehen verweist auf einen sich real ereigneten (oder wenigstens m\u00f6glichen) Ursprung des Erz\u00e4hlten.<\/p>\n<p style=\"text-align: justify\"><strong>Weiterf\u00fchrend\u00a0<\/strong><strong>\u2192\u00a0<\/strong><\/p>\n<p style=\"text-align: justify\">Zum Thema K\u00fcnstlerbucher lesen finden Sie hier einen <a href=\"http:\/\/www.editiondaslabor.de\/blog\/?p=12840\">Essay<\/a> sowie ein <a href=\"http:\/\/www.editiondaslabor.de\/blog\/?p=834\">Artikel<\/a> von J.C. Albers. Papier ist autonomes Kunstmaterial, daher ein vertiefendes <a href=\"http:\/\/www.editiondaslabor.de\/blog\/?p=21407\">Kollegengespr\u00e4ch<\/a> mit Haimo Hieronymus \u00fcber Material, Medium und Faszination des Werkstoffs Papier.<\/p>\n<p style=\"text-align: justify\">Die bibliophilen Kostbarkeiten sind erh\u00e4ltlich \u00fcber die Werkstattgalerie Der Bogen, Tel. 0173 7276421<\/p>\n","protected":false},"excerpt":{"rendered":"<p>Damit hatte er nun wirklich nicht gerechnet, hatte sich alle m\u00f6glichen Alternativen immer mal durch den Kopf gehen lassen, aber genau damit nicht gerechnet. Wo war es geschehen, wer hatte da seine Finger im Spiel? Herr Nipp hatte sogar den&hellip;<\/p>\n<p class=\"more-link-p\"><a class=\"more-link\" href=\"http:\/\/www.editiondaslabor.de\/blog\/1998\/08\/04\/nie-wieder\/\">Read more &rarr;<\/a><\/p>\n","protected":false},"author":161,"featured_media":71748,"comment_status":"closed","ping_status":"closed","sticky":false,"template":"","format":"standard","meta":{"footnotes":""},"categories":[1],"tags":[1334],"class_list":["post-71792","post","type-post","status-publish","format-standard","has-post-thumbnail","hentry","category-literatur","tag-herr-nipp"],"_links":{"self":[{"href":"http:\/\/www.editiondaslabor.de\/blog\/wp-json\/wp\/v2\/posts\/71792","targetHints":{"allow":["GET"]}}],"collection":[{"href":"http:\/\/www.editiondaslabor.de\/blog\/wp-json\/wp\/v2\/posts"}],"about":[{"href":"http:\/\/www.editiondaslabor.de\/blog\/wp-json\/wp\/v2\/types\/post"}],"author":[{"embeddable":true,"href":"http:\/\/www.editiondaslabor.de\/blog\/wp-json\/wp\/v2\/users\/161"}],"replies":[{"embeddable":true,"href":"http:\/\/www.editiondaslabor.de\/blog\/wp-json\/wp\/v2\/comments?post=71792"}],"version-history":[{"count":0,"href":"http:\/\/www.editiondaslabor.de\/blog\/wp-json\/wp\/v2\/posts\/71792\/revisions"}],"wp:featuredmedia":[{"embeddable":true,"href":"http:\/\/www.editiondaslabor.de\/blog\/wp-json\/"}],"wp:attachment":[{"href":"http:\/\/www.editiondaslabor.de\/blog\/wp-json\/wp\/v2\/media?parent=71792"}],"wp:term":[{"taxonomy":"category","embeddable":true,"href":"http:\/\/www.editiondaslabor.de\/blog\/wp-json\/wp\/v2\/categories?post=71792"},{"taxonomy":"post_tag","embeddable":true,"href":"http:\/\/www.editiondaslabor.de\/blog\/wp-json\/wp\/v2\/tags?post=71792"}],"curies":[{"name":"wp","href":"https:\/\/api.w.org\/{rel}","templated":true}]}}