{"id":71716,"date":"2011-07-27T00:01:53","date_gmt":"2011-07-26T22:01:53","guid":{"rendered":"http:\/\/www.editiondaslabor.de\/blog\/?p=71716"},"modified":"2021-10-26T13:12:05","modified_gmt":"2021-10-26T11:12:05","slug":"in-abwandlung-der-reihenfolge","status":"publish","type":"post","link":"http:\/\/www.editiondaslabor.de\/blog\/2011\/07\/27\/in-abwandlung-der-reihenfolge\/","title":{"rendered":"In Abwandlung der Reihenfolge"},"content":{"rendered":"<p>&nbsp;<\/p>\n<div class=\"page\" title=\"Page 17\">\n<div class=\"layoutArea\">\n<div class=\"page\" title=\"Page 18\">\n<div class=\"layoutArea\">\n<div class=\"column\">\n<div class=\"page\" title=\"Page 33\">\n<div class=\"layoutArea\">\n<div class=\"column\">\n<div class=\"page\" title=\"Page 38\">\n<div class=\"layoutArea\" style=\"text-align: justify;\">\n<div class=\"column\">\n<p>Die Rituale aufzubrechen und damit auch f\u00fcr andere zu \u00f6ffnen, schien inzwischen auch Herrn Nipp zur Gewohnheit geworden zu sein. Er hatte gemerkt, dass nicht die genaue Abfolge wichtig war, sondern das stetig neue Komponieren der Elemente, sobald n\u00e4mich diese sich als tragf\u00e4hig bewiesen hatten. Jeglicher Situation konnte nun alles bewusste Tun angemessen angepasst werden, ohne eine starre Regel festlegen zu m\u00fcssen. Erst dann wurde es ertr\u00e4glich, das Gespr\u00e4ch \u00fcber den weiteren Kontext zum Abschluss des Treffens, nicht zu Beginn zu f\u00fchren. Diesen Austausch \u00fcber die Grundlagen des Tuns und Wahrnehmens.<\/p>\n<\/div>\n<\/div>\n<div class=\"layoutArea\">\n<div class=\"column\">\n<p style=\"text-align: justify;\">So konnten auch die inneren Br\u00fcche und m\u00f6gliche begangene Peinlichkeiten mit dem Anstrich von Kultur verdeckt werden. Als unabh\u00e4ngige Elemente Sein und Bewusstsein. Die entstandenen Narben des Schlagabtauschs als Spiel w\u00fcrden eine bespielbare Leinwand f\u00fcr Projektionen werden. Basis f\u00fcr weiteres Handeln.<\/p>\n<p>&nbsp;<\/p>\n<\/div>\n<p>&nbsp;<\/p>\n<\/div>\n<\/div>\n<\/div>\n<\/div>\n<\/div>\n<\/div>\n<\/div>\n<\/div>\n<\/div>\n<\/div>\n<p style=\"text-align: center;\">***<\/p>\n<p style=\"text-align: justify;\"><strong>Die Angst perfekter\u00a0<\/strong><b>Schwiegers\u00f6hne, <\/b>von\u00a0Herrn Nipp, Edition Das Labor 2011<\/p>\n<p style=\"text-align: justify;\"><a href=\"http:\/\/www.editiondaslabor.de\/blog\/wp-content\/uploads\/2017\/08\/2012-Herr-Nipp-aktuelle-Bilder-018-665x1024-e1549272345570.jpg\"><img loading=\"lazy\" decoding=\"async\" class=\"size-medium wp-image-44215 alignleft\" src=\"http:\/\/www.editiondaslabor.de\/blog\/wp-content\/uploads\/2017\/08\/2012-Herr-Nipp-aktuelle-Bilder-018-665x1024-195x300.jpg\" alt=\"\" width=\"195\" height=\"300\" \/><\/a><\/p>\n<p style=\"text-align: justify;\"><a href=\"https:\/\/de.wikipedia.org\/wiki\/Haimo_Hieronymus\">Haimo Hieronymus<\/a> ist ein Poet, wenn er Holzschnitte erstellt, und ein realistischer Tr\u00e4umer, wenn er mit Herrn Nipp kurze Texte verfa\u00dft. Wie ein Dichter schreibt er nicht, dazu ist er zu n\u00fcchtern und zu lapidar; die Fiktion ist nicht seine Sache, es entstehen auch keine imagin\u00e4ren Welten. Die Wirklichkeit und die Erinnerung sind ihm r\u00e4tselhaft genug. Herr Nipp betreibt das einfache, das wahre Abschreiben der Welt, er bewegt sich damit zwischen Ereignis und Reflexion und n\u00e4hert sich einer Topografie der Melancholie. \u2013 Ein Sammlerst\u00fcck ist die Vorzugsausgabe von <a href=\"http:\/\/www.editiondaslabor.de\/blog\/?p=12766\"><em>Die Angst perfekter Schwiegers\u00f6hne<\/em><\/a>. Hieronymus hat das Cover einer limitierten Auflage mit einem Holzschnitt versehen.<\/p>\n<p style=\"text-align: justify;\"><strong>Weiterf\u00fchrend\u00a0<\/strong><strong>\u2192\u00a0<\/strong><\/p>\n<p style=\"text-align: justify;\">Zum Thema K\u00fcnstlerbucher lesen finden Sie hier einen <a href=\"http:\/\/www.editiondaslabor.de\/blog\/?p=12840\">Essay<\/a> sowie ein <a href=\"http:\/\/www.editiondaslabor.de\/blog\/?p=834\">Artikel<\/a> von J.C. Albers. Papier ist autonomes Kunstmaterial, daher ein vertiefendes <a href=\"http:\/\/www.editiondaslabor.de\/blog\/?p=21407\">Kollegengespr\u00e4ch<\/a> mit Haimo Hieronymus \u00fcber Material, Medium und Faszination des Werkstoffs Papier.<\/p>\n<p style=\"text-align: justify;\">Die bibliophilen Kostbarkeiten sind erh\u00e4ltlich \u00fcber die Werkstattgalerie Der Bogen, Tel. 0173 7276421<\/p>\n","protected":false},"excerpt":{"rendered":"<p>&nbsp; Die Rituale aufzubrechen und damit auch f\u00fcr andere zu \u00f6ffnen, schien inzwischen auch Herrn Nipp zur Gewohnheit geworden zu sein. Er hatte gemerkt, dass nicht die genaue Abfolge wichtig war, sondern das stetig neue Komponieren der Elemente, sobald n\u00e4mich&hellip;<\/p>\n<p class=\"more-link-p\"><a class=\"more-link\" href=\"http:\/\/www.editiondaslabor.de\/blog\/2011\/07\/27\/in-abwandlung-der-reihenfolge\/\">Read more &rarr;<\/a><\/p>\n","protected":false},"author":161,"featured_media":44215,"comment_status":"closed","ping_status":"closed","sticky":false,"template":"","format":"standard","meta":{"footnotes":""},"categories":[1],"tags":[1334],"class_list":["post-71716","post","type-post","status-publish","format-standard","has-post-thumbnail","hentry","category-literatur","tag-herr-nipp"],"_links":{"self":[{"href":"http:\/\/www.editiondaslabor.de\/blog\/wp-json\/wp\/v2\/posts\/71716","targetHints":{"allow":["GET"]}}],"collection":[{"href":"http:\/\/www.editiondaslabor.de\/blog\/wp-json\/wp\/v2\/posts"}],"about":[{"href":"http:\/\/www.editiondaslabor.de\/blog\/wp-json\/wp\/v2\/types\/post"}],"author":[{"embeddable":true,"href":"http:\/\/www.editiondaslabor.de\/blog\/wp-json\/wp\/v2\/users\/161"}],"replies":[{"embeddable":true,"href":"http:\/\/www.editiondaslabor.de\/blog\/wp-json\/wp\/v2\/comments?post=71716"}],"version-history":[{"count":0,"href":"http:\/\/www.editiondaslabor.de\/blog\/wp-json\/wp\/v2\/posts\/71716\/revisions"}],"wp:featuredmedia":[{"embeddable":true,"href":"http:\/\/www.editiondaslabor.de\/blog\/wp-json\/"}],"wp:attachment":[{"href":"http:\/\/www.editiondaslabor.de\/blog\/wp-json\/wp\/v2\/media?parent=71716"}],"wp:term":[{"taxonomy":"category","embeddable":true,"href":"http:\/\/www.editiondaslabor.de\/blog\/wp-json\/wp\/v2\/categories?post=71716"},{"taxonomy":"post_tag","embeddable":true,"href":"http:\/\/www.editiondaslabor.de\/blog\/wp-json\/wp\/v2\/tags?post=71716"}],"curies":[{"name":"wp","href":"https:\/\/api.w.org\/{rel}","templated":true}]}}