{"id":71710,"date":"2011-04-04T00:01:02","date_gmt":"2011-04-03T22:01:02","guid":{"rendered":"http:\/\/www.editiondaslabor.de\/blog\/?p=71710"},"modified":"2020-11-25T04:16:45","modified_gmt":"2020-11-25T03:16:45","slug":"ostereier-suchen","status":"publish","type":"post","link":"http:\/\/www.editiondaslabor.de\/blog\/2011\/04\/04\/ostereier-suchen\/","title":{"rendered":"Ostereier suchen"},"content":{"rendered":"<div class=\"page\" title=\"Page 36\">\n<div class=\"layoutArea\">\n<div class=\"column\">\n<p style=\"text-align: justify\">Drau\u00dfen erste Kinderstimmen im Nachbargarten. Quietschendes Gl\u00fcck und Erstaunen. Sie haben etwas gefunden und da liegt auch noch was, zwischen den Blumen. Wahrscheinlich hat sich fr\u00fcher jeder \u00fcber das traditionelle Ostereiersuchen gefreut.<\/p>\n<\/div>\n<\/div>\n<div class=\"layoutArea\" style=\"text-align: justify\">\n<div class=\"column\">\n<p>Es gab da immer zwei Phasen, fr\u00fch morgens waren die K\u00f6stlichkeiten im Wohnzimmer versteckt, eigentlich recht spartanisch, gab es einmal ein Sch\u00fcsselchen mit Zuckereiern zu finden, wei\u00df gar nicht, ob es die noch gibt, lange nicht mehr diese bunten und s\u00fc\u00dfen Teile gesehen, dann f\u00fcr jeden von uns einige Krokanteier und ein mit Zwiebelschalen gef\u00e4rbtes Fr\u00fchst\u00fccksei, das war es auch schon.<\/p>\n<\/div>\n<\/div>\n<div class=\"layoutArea\" style=\"text-align: justify\">\n<div class=\"column\">\n<p>Heute verstecken einige Eltern direkt ganze Fahrr\u00e4der, weil Weih- nachten ja schon so lange her ist, da hat man ganz vergessen, was man bekommen hat, aktueller sind derzeit allerdings noch die Megariesentrampoline, mit mindestens 366cm Durchmesser und Fangnetz, damit die Kinder nach den Salto nicht mit dem R\u00fccken oder Gesicht auf den Boden knallen, macht immer so h\u00e4ssliche blaue Flecken und Quetschungen, bis hin zu komplizierten Knochenbr\u00fcchen oder lustigen Verrenkungen.<\/p>\n<\/div>\n<\/div>\n<div class=\"layoutArea\" style=\"text-align: justify\">\n<div class=\"column\">\n<p>\u00dcbrigens passen Eipods, Eibooks und Eiphones ganz herrlich zu Ostern. Pl\u00f6tzlich wird auch Ostern zu einem Geschenkefest, mehr und mehr. Lediglich die Werbeindustrie hat das noch nicht richtig entdeckt ist zu vermuten. Welche M\u00f6glichkeiten es g\u00e4be, die Konsumorgien anzufachen&#8230;<\/p>\n<\/div>\n<\/div>\n<div class=\"layoutArea\">\n<div class=\"column\">\n<p style=\"text-align: justify\">Die zweite Phase des Ostereiersuchens war der obligatorische Spaziergang mit dem Vater. Er hatte dann die Taschen voll mit Krokant- und Nougateiern. Irgendwie hat er es immer geschafft w\u00e4hrend des Wanderns zu verstecken, ohne dass wir es bemerkt haben, vielleicht wollten wir es auch nicht bemerken, der Lohn f\u00fcr seine Kreativit\u00e4t waren schlie\u00dflich unsere kaputten Z\u00e4hne und gl\u00fcckliche Kinder.<\/p>\n<div class=\"page\" title=\"Page 37\">\n<div class=\"layoutArea\" style=\"text-align: justify\">\n<div class=\"column\">\n<p>Schon auf dem Friedhof fanden sich in den B\u00fcschen blinkende runde \u00dcberraschungen, im Flieder, in den Zuckerhutfichten. \u00dcbrigens war das in keiner Weise anst\u00f6\u00dfig, Ostern und Friedhof geh\u00f6ren zusammen. Viel anst\u00f6\u00dfiger ist die inzwischen zur Normalit\u00e4t gewordene Nutzung von Friedh\u00f6fen als Hundeklo. Einige wenige Eier wurden schon auf dem Weg gegessen, die restlichen beim Vater abgeliefert.<\/p>\n<\/div>\n<\/div>\n<div class=\"layoutArea\">\n<div class=\"column\">\n<p style=\"text-align: justify\">Zu Hause angekommen gab es meistens weniger Eier als erwartet. Die S\u00fc\u00dfigkeiten hatte er einfach mehrfach versteckt.<\/p>\n<\/div>\n<\/div>\n<\/div>\n<\/div>\n<\/div>\n<\/div>\n<div class=\"page\" title=\"Page 17\">\n<div class=\"layoutArea\">\n<div class=\"page\" title=\"Page 18\">\n<div class=\"layoutArea\">\n<div class=\"column\">\n<div class=\"page\" title=\"Page 33\">\n<div class=\"layoutArea\">\n<div class=\"column\">\n<p style=\"text-align: justify\">\n<\/div>\n<\/div>\n<\/div>\n<\/div>\n<\/div>\n<\/div>\n<\/div>\n<\/div>\n<p style=\"text-align: center\">***<\/p>\n<p style=\"text-align: justify\"><strong>Die Angst perfekter\u00a0<\/strong><b>Schwiegers\u00f6hne, <\/b>von\u00a0Herrn Nipp, Edition Das Labor 2011<\/p>\n<p style=\"text-align: justify\"><a href=\"http:\/\/www.editiondaslabor.de\/blog\/wp-content\/uploads\/2017\/08\/2012-Herr-Nipp-aktuelle-Bilder-018-665x1024-e1549272345570.jpg\"><img loading=\"lazy\" decoding=\"async\" class=\"size-medium wp-image-44215 alignleft\" src=\"http:\/\/www.editiondaslabor.de\/blog\/wp-content\/uploads\/2017\/08\/2012-Herr-Nipp-aktuelle-Bilder-018-665x1024-195x300.jpg\" alt=\"\" width=\"195\" height=\"300\" \/><\/a><\/p>\n<p style=\"text-align: justify\"><a href=\"https:\/\/de.wikipedia.org\/wiki\/Haimo_Hieronymus\">Haimo Hieronymus<\/a> ist ein Poet, wenn er Holzschnitte erstellt, und ein realistischer Tr\u00e4umer, wenn er mit Herrn Nipp kurze Texte verfa\u00dft. Wie ein Dichter schreibt er nicht, dazu ist er zu n\u00fcchtern und zu lapidar; die Fiktion ist nicht seine Sache, es entstehen auch keine imagin\u00e4ren Welten. Die Wirklichkeit und die Erinnerung sind ihm r\u00e4tselhaft genug. Herr Nipp betreibt das einfache, das wahre Abschreiben der Welt, er bewegt sich damit zwischen Ereignis und Reflexion und n\u00e4hert sich einer Topografie der Melancholie. \u2013 Ein Sammlerst\u00fcck ist die Vorzugsausgabe von <a href=\"http:\/\/www.editiondaslabor.de\/blog\/?p=12766\"><em>Die Angst perfekter Schwiegers\u00f6hne<\/em><\/a>. Hieronymus hat das Cover einer limitierten Auflage mit einem Holzschnitt versehen.<\/p>\n<p style=\"text-align: justify\"><strong>Weiterf\u00fchrend\u00a0<\/strong><strong>\u2192\u00a0<\/strong><\/p>\n<p style=\"text-align: justify\">Zum Thema K\u00fcnstlerbucher lesen finden Sie hier einen <a href=\"http:\/\/www.editiondaslabor.de\/blog\/?p=12840\">Essay<\/a> sowie ein <a href=\"http:\/\/www.editiondaslabor.de\/blog\/?p=834\">Artikel<\/a> von J.C. Albers. Papier ist autonomes Kunstmaterial, daher ein vertiefendes <a href=\"http:\/\/www.editiondaslabor.de\/blog\/?p=21407\">Kollegengespr\u00e4ch<\/a> mit Haimo Hieronymus \u00fcber Material, Medium und Faszination des Werkstoffs Papier.<\/p>\n<p style=\"text-align: justify\">Die bibliophilen Kostbarkeiten sind erh\u00e4ltlich \u00fcber die Werkstattgalerie Der Bogen, Tel. 0173 7276421<\/p>\n","protected":false},"excerpt":{"rendered":"<p>Drau\u00dfen erste Kinderstimmen im Nachbargarten. Quietschendes Gl\u00fcck und Erstaunen. Sie haben etwas gefunden und da liegt auch noch was, zwischen den Blumen. Wahrscheinlich hat sich fr\u00fcher jeder \u00fcber das traditionelle Ostereiersuchen gefreut. Es gab da immer zwei Phasen, fr\u00fch morgens&hellip;<\/p>\n<p class=\"more-link-p\"><a class=\"more-link\" href=\"http:\/\/www.editiondaslabor.de\/blog\/2011\/04\/04\/ostereier-suchen\/\">Read more &rarr;<\/a><\/p>\n","protected":false},"author":161,"featured_media":44215,"comment_status":"closed","ping_status":"closed","sticky":false,"template":"","format":"standard","meta":{"footnotes":""},"categories":[1],"tags":[1334],"class_list":["post-71710","post","type-post","status-publish","format-standard","has-post-thumbnail","hentry","category-literatur","tag-herr-nipp"],"_links":{"self":[{"href":"http:\/\/www.editiondaslabor.de\/blog\/wp-json\/wp\/v2\/posts\/71710","targetHints":{"allow":["GET"]}}],"collection":[{"href":"http:\/\/www.editiondaslabor.de\/blog\/wp-json\/wp\/v2\/posts"}],"about":[{"href":"http:\/\/www.editiondaslabor.de\/blog\/wp-json\/wp\/v2\/types\/post"}],"author":[{"embeddable":true,"href":"http:\/\/www.editiondaslabor.de\/blog\/wp-json\/wp\/v2\/users\/161"}],"replies":[{"embeddable":true,"href":"http:\/\/www.editiondaslabor.de\/blog\/wp-json\/wp\/v2\/comments?post=71710"}],"version-history":[{"count":0,"href":"http:\/\/www.editiondaslabor.de\/blog\/wp-json\/wp\/v2\/posts\/71710\/revisions"}],"wp:featuredmedia":[{"embeddable":true,"href":"http:\/\/www.editiondaslabor.de\/blog\/wp-json\/"}],"wp:attachment":[{"href":"http:\/\/www.editiondaslabor.de\/blog\/wp-json\/wp\/v2\/media?parent=71710"}],"wp:term":[{"taxonomy":"category","embeddable":true,"href":"http:\/\/www.editiondaslabor.de\/blog\/wp-json\/wp\/v2\/categories?post=71710"},{"taxonomy":"post_tag","embeddable":true,"href":"http:\/\/www.editiondaslabor.de\/blog\/wp-json\/wp\/v2\/tags?post=71710"}],"curies":[{"name":"wp","href":"https:\/\/api.w.org\/{rel}","templated":true}]}}