{"id":71621,"date":"2008-12-08T00:01:35","date_gmt":"2008-12-07T23:01:35","guid":{"rendered":"http:\/\/www.editiondaslabor.de\/blog\/?p=71621"},"modified":"2021-10-31T13:22:09","modified_gmt":"2021-10-31T12:22:09","slug":"was-kommt","status":"publish","type":"post","link":"http:\/\/www.editiondaslabor.de\/blog\/2008\/12\/08\/was-kommt\/","title":{"rendered":"Was kommt"},"content":{"rendered":"<p>&nbsp;<\/p>\n<p style=\"text-align: justify;\">Woher die Ger\u00e4usche kommen \u2013 woher die Symptome \u2013 woher die Fragen \u2013 woher die Worte \u2013 woher die Probleme und trotzdem die Freude \u2013 woher die Zeit und letztlich \u2013 ich vergesse es manchmal \u2013 was<\/p>\n<p>&nbsp;<\/p>\n<p>&nbsp;<\/p>\n<p>&nbsp;<\/p>\n<div id=\"attachment_90252\" style=\"width: 310px\" class=\"wp-caption alignleft\"><img loading=\"lazy\" decoding=\"async\" aria-describedby=\"caption-attachment-90252\" class=\"wp-image-90252 size-medium\" src=\"http:\/\/www.editiondaslabor.de\/blog\/wp-content\/uploads\/2006\/03\/Twitter-Bird-300x209.png\" alt=\"\" width=\"300\" height=\"209\" \/><p id=\"caption-attachment-90252\" class=\"wp-caption-text\">Das erste Twitter-Logo ist ein Design-Klassiker: Der blaue Vogel \u201eLarry&#8220;.<\/p><\/div>\n<p style=\"text-align: justify;\">Bereits nachdem Jack Dorsey den ersten <i>Tweet<\/i> am 21. M\u00e4rz 2006 verschickt hatte, war Herrn Nipp klar, das hier etwas Neues entsteht. Von Herrn Nipp waren auf KUNO zwischen 1989 und 1994 Aper\u00e7us, Bonmots, und Sentenzen zu lesen. Bestand die Modernit\u00e4t des Aphorismus in der Operativit\u00e4t, so entspricht diese literarische Form im Zeitalter der technischen Reproduzierbarkeit der Denkgenauigkeit der Sp\u00e4tmoderne. Es ist <em>Twitteratur<\/em>.<\/p>\n<p style=\"text-align: justify;\"><strong>Weiterf\u00fchrend <\/strong><strong>\u2192<\/strong> ein Essay \u00fcber die neue Literaturgattung <a href=\"http:\/\/www.editiondaslabor.de\/blog\/?p=22423\"><em>Twitteratur<\/em><\/a>, sowie ein <a href=\"http:\/\/www.editiondaslabor.de\/blog\/2019\/09\/06\/recap-hungertuchpreis\/\">Recap<\/a> des Hungertuchpreises.<\/p>\n<p style=\"text-align: justify;\"><strong>\u2192 <\/strong>Aus dem Nippiversum: <a href=\"http:\/\/www.editiondaslabor.de\/blog\/?p=9294\"><em>Unerh\u00f6rte M\u00f6glichkeiten<\/em><\/a>, Kurznovellen (2012). Muss man keinen Falken mehr verzehren, um novellistisch t\u00e4tig zu sein. Dank des Kurznachrichtendienstes Twitter ist <em>Mikroblogging<\/em> eine auflebende Form. Herr Nipp dampft die Gattung der Novelle zu <em>Twitteratur<\/em> ein.<\/p>\n<p>&nbsp;<\/p>\n","protected":false},"excerpt":{"rendered":"<p>&nbsp; Woher die Ger\u00e4usche kommen \u2013 woher die Symptome \u2013 woher die Fragen \u2013 woher die Worte \u2013 woher die Probleme und trotzdem die Freude \u2013 woher die Zeit und letztlich \u2013 ich vergesse es manchmal \u2013 was &nbsp; &nbsp;&hellip;<\/p>\n<p class=\"more-link-p\"><a class=\"more-link\" href=\"http:\/\/www.editiondaslabor.de\/blog\/2008\/12\/08\/was-kommt\/\">Read more &rarr;<\/a><\/p>\n","protected":false},"author":161,"featured_media":48604,"comment_status":"closed","ping_status":"closed","sticky":false,"template":"","format":"standard","meta":{"footnotes":""},"categories":[1],"tags":[1334],"class_list":["post-71621","post","type-post","status-publish","format-standard","has-post-thumbnail","hentry","category-literatur","tag-herr-nipp"],"_links":{"self":[{"href":"http:\/\/www.editiondaslabor.de\/blog\/wp-json\/wp\/v2\/posts\/71621","targetHints":{"allow":["GET"]}}],"collection":[{"href":"http:\/\/www.editiondaslabor.de\/blog\/wp-json\/wp\/v2\/posts"}],"about":[{"href":"http:\/\/www.editiondaslabor.de\/blog\/wp-json\/wp\/v2\/types\/post"}],"author":[{"embeddable":true,"href":"http:\/\/www.editiondaslabor.de\/blog\/wp-json\/wp\/v2\/users\/161"}],"replies":[{"embeddable":true,"href":"http:\/\/www.editiondaslabor.de\/blog\/wp-json\/wp\/v2\/comments?post=71621"}],"version-history":[{"count":0,"href":"http:\/\/www.editiondaslabor.de\/blog\/wp-json\/wp\/v2\/posts\/71621\/revisions"}],"wp:featuredmedia":[{"embeddable":true,"href":"http:\/\/www.editiondaslabor.de\/blog\/wp-json\/"}],"wp:attachment":[{"href":"http:\/\/www.editiondaslabor.de\/blog\/wp-json\/wp\/v2\/media?parent=71621"}],"wp:term":[{"taxonomy":"category","embeddable":true,"href":"http:\/\/www.editiondaslabor.de\/blog\/wp-json\/wp\/v2\/categories?post=71621"},{"taxonomy":"post_tag","embeddable":true,"href":"http:\/\/www.editiondaslabor.de\/blog\/wp-json\/wp\/v2\/tags?post=71621"}],"curies":[{"name":"wp","href":"https:\/\/api.w.org\/{rel}","templated":true}]}}