{"id":71568,"date":"1997-04-04T00:01:40","date_gmt":"1997-04-03T22:01:40","guid":{"rendered":"http:\/\/www.editiondaslabor.de\/blog\/?p=71568"},"modified":"2021-07-13T06:56:18","modified_gmt":"2021-07-13T04:56:18","slug":"zur-ruhe-kommen","status":"publish","type":"post","link":"http:\/\/www.editiondaslabor.de\/blog\/1997\/04\/04\/zur-ruhe-kommen\/","title":{"rendered":"Zur Ruhe kommen"},"content":{"rendered":"<p>&nbsp;<\/p>\n<p style=\"text-align: justify;\">Wieder und wieder sitzt Herr Nipp abends am Waldrand, hat sich eine Decke umgeschlungen und erlebt diese Ungeheuerlichkeit einer leiser werdenden Natur. Dann und wann noch eine schimpfende Schwarzdrossel oder die im Flug kr\u00e4chzende Rabenkr\u00e4he, auf dem Weg zum Schlafbaum. Ein Gr\u00fcnspecht h\u00fcpft \u00fcber den Boden, h\u00e4ngt sich an den n\u00e4chsten Zaunpfosten und sucht dort fast schon lustlos nach einem letzten Vornacht-Snack. All die kleinen Tiere, deren Rascheln hier und hier zu h\u00f6ren ist. Dann pl\u00f6tzlich Stille. Einige Minuten scheint die Zeit Atem zu holen. Luftholen f\u00fcr die Nacht. Die Sonne ist l\u00e4ngst hinter dem Horizont verschwunden. Die Farben nehmen einen sanften Ton an. Die Formen scheinen sich langsam aufzul\u00f6sen. Verunkl\u00e4rung. Gleich wird ein Hase die Wiese erkunden, die zwischen Dorf und Wald ein Band zieht. Vielleicht erscheint auch noch ein Reh. Sp\u00e4testens dann ist Herr Nipp aber von dannen. Das ist zuviel der Romantik. Auch er hat Atem geholt. F\u00fcr die Nacht. F\u00fcr sich nat\u00fcrlich und f\u00fcr die anstehende Arbeit. Wenn Yoga, wie er k\u00fcrzlich h\u00f6rte, bewusstes Atmen ist, dann ist Herr Nipp ein praktizierender Yogi. Ohne K\u00f6rperverrenkungen.<\/p>\n<p>&nbsp;<\/p>\n<div class=\"page\" title=\"Page 75\">\n<div class=\"layoutArea\">\n<p style=\"text-align: justify;\">\n<\/div>\n<\/div>\n<p style=\"text-align: center;\">***<\/p>\n<p style=\"text-align: justify;\"><strong>Das Mittelma\u00df der Welt<\/strong>, unerh\u00f6rte Geschichten von Herrn Nipp, KUNO 1994 &#8211; 2019<\/p>\n<p style=\"text-align: justify;\"><a href=\"http:\/\/www.editiondaslabor.de\/blog\/wp-content\/uploads\/2009\/01\/Herr-Nipp-Frontbild.jpg\"><img loading=\"lazy\" decoding=\"async\" class=\"alignleft size-full wp-image-71748\" src=\"http:\/\/www.editiondaslabor.de\/blog\/wp-content\/uploads\/2009\/01\/Herr-Nipp-Frontbild.jpg\" alt=\"\" width=\"217\" height=\"229\" srcset=\"http:\/\/www.editiondaslabor.de\/blog\/wp-content\/uploads\/2009\/01\/Herr-Nipp-Frontbild.jpg 217w, http:\/\/www.editiondaslabor.de\/blog\/wp-content\/uploads\/2009\/01\/Herr-Nipp-Frontbild-160x169.jpg 160w\" sizes=\"auto, (max-width: 217px) 100vw, 217px\" \/><\/a><\/p>\n<p style=\"text-align: justify;\">Die <em>unerh\u00f6rten Geschichten<\/em> von Herrn Nipp sind glossierende Anmerkungen die sich schnoddrig mit dem Zeitgeist auseinandersetzen. Oft wird in diesen Kolportagen ein Konflikt zwischen Ordnung und Chaos beschrieben. Wir lesen sowohl \u00fcberraschendes und unerwartetes, potentiell ungew\u00f6hnliches, das Geschehen verweist auf einen sich real ereigneten (oder wenigstens m\u00f6glichen) Ursprung des Erz\u00e4hlten.<\/p>\n<p style=\"text-align: justify;\"><strong>Weiterf\u00fchrend\u00a0<\/strong><strong>\u2192\u00a0<\/strong><\/p>\n<p style=\"text-align: justify;\">Zum Thema K\u00fcnstlerbucher lesen finden Sie hier einen <a href=\"http:\/\/www.editiondaslabor.de\/blog\/?p=12840\">Essay<\/a> sowie ein <a href=\"http:\/\/www.editiondaslabor.de\/blog\/?p=834\">Artikel<\/a> von J.C. Albers. Papier ist autonomes Kunstmaterial, daher ein vertiefendes <a href=\"http:\/\/www.editiondaslabor.de\/blog\/?p=21407\">Kollegengespr\u00e4ch<\/a> mit Haimo Hieronymus \u00fcber Material, Medium und Faszination des Werkstoffs Papier.<\/p>\n<p style=\"text-align: justify;\">Die bibliophilen Kostbarkeiten sind erh\u00e4ltlich \u00fcber die Werkstattgalerie Der Bogen, Tel. 0173 7276421<\/p>\n","protected":false},"excerpt":{"rendered":"<p>&nbsp; Wieder und wieder sitzt Herr Nipp abends am Waldrand, hat sich eine Decke umgeschlungen und erlebt diese Ungeheuerlichkeit einer leiser werdenden Natur. Dann und wann noch eine schimpfende Schwarzdrossel oder die im Flug kr\u00e4chzende Rabenkr\u00e4he, auf dem Weg zum&hellip;<\/p>\n<p class=\"more-link-p\"><a class=\"more-link\" href=\"http:\/\/www.editiondaslabor.de\/blog\/1997\/04\/04\/zur-ruhe-kommen\/\">Read more &rarr;<\/a><\/p>\n","protected":false},"author":161,"featured_media":71748,"comment_status":"closed","ping_status":"closed","sticky":false,"template":"","format":"standard","meta":{"footnotes":""},"categories":[1],"tags":[1334],"class_list":["post-71568","post","type-post","status-publish","format-standard","has-post-thumbnail","hentry","category-literatur","tag-herr-nipp"],"_links":{"self":[{"href":"http:\/\/www.editiondaslabor.de\/blog\/wp-json\/wp\/v2\/posts\/71568","targetHints":{"allow":["GET"]}}],"collection":[{"href":"http:\/\/www.editiondaslabor.de\/blog\/wp-json\/wp\/v2\/posts"}],"about":[{"href":"http:\/\/www.editiondaslabor.de\/blog\/wp-json\/wp\/v2\/types\/post"}],"author":[{"embeddable":true,"href":"http:\/\/www.editiondaslabor.de\/blog\/wp-json\/wp\/v2\/users\/161"}],"replies":[{"embeddable":true,"href":"http:\/\/www.editiondaslabor.de\/blog\/wp-json\/wp\/v2\/comments?post=71568"}],"version-history":[{"count":0,"href":"http:\/\/www.editiondaslabor.de\/blog\/wp-json\/wp\/v2\/posts\/71568\/revisions"}],"wp:featuredmedia":[{"embeddable":true,"href":"http:\/\/www.editiondaslabor.de\/blog\/wp-json\/"}],"wp:attachment":[{"href":"http:\/\/www.editiondaslabor.de\/blog\/wp-json\/wp\/v2\/media?parent=71568"}],"wp:term":[{"taxonomy":"category","embeddable":true,"href":"http:\/\/www.editiondaslabor.de\/blog\/wp-json\/wp\/v2\/categories?post=71568"},{"taxonomy":"post_tag","embeddable":true,"href":"http:\/\/www.editiondaslabor.de\/blog\/wp-json\/wp\/v2\/tags?post=71568"}],"curies":[{"name":"wp","href":"https:\/\/api.w.org\/{rel}","templated":true}]}}